{"id":379726,"date":"2025-09-10T07:38:11","date_gmt":"2025-09-10T07:38:11","guid":{"rendered":"https:\/\/www.europesays.com\/fr\/379726\/"},"modified":"2025-09-10T07:38:11","modified_gmt":"2025-09-10T07:38:11","slug":"miss-france-qui-est-hubert-guerin-auteur-du-livre-qui-revele-les-agressions-sexuelles-de-candidates","status":"publish","type":"post","link":"https:\/\/www.europesays.com\/fr\/379726\/","title":{"rendered":"Miss France\u00a0: qui est Hubert Gu\u00e9rin, auteur du livre qui r\u00e9v\u00e8le les agressions sexuelles de candidates\u00a0?"},"content":{"rendered":"<p class=\"paragraph text_align_left lp-f-body-02\">Il est l\u2019homme qui affole la plan\u00e8te <a href=\"https:\/\/www.leparisien.fr\/culture-loisirs\/miss-france\/\" target=\"_blank\" rel=\"noreferrer nofollow noopener\">Miss France<\/a>. Ce sont onze lignes, en 492 pages pas toujours fluides. <a href=\"https:\/\/www.leparisien.fr\/culture-loisirs\/miss-france\/on-est-toutes-sous-le-choc-un-livre-denoncant-des-violences-sexuelles-secoue-la-galaxie-miss-france-06-09-2025-KAVFYKJJ65BU7LQJLAPWRCGM2A.php\" target=\"_self\" rel=\"nofollow noopener\">Huit phrases, pas une de plus, mais terribles<\/a> : \u00ab Moi Miss France, j\u2019ai \u00e9t\u00e9 victime de viols pendant mon ann\u00e9e \u00bb, et d\u2019autres t\u00e9moignages de violences sexuelles, venues d\u2019une ou plusieurs candidates, gardant l\u2019anonymat. Hubert Gu\u00e9rin, 27 ans, l\u2019auteur de \u00ab Miss France, du r\u00eave \u00e0 la r\u00e9alit\u00e9 \u00bb -aux \u00e9ditions V\u00e9rone, un petit \u00e9diteur ind\u00e9pendant-, une histoire du concours depuis ses d\u00e9buts, n\u2019est pas un enqu\u00eateur. Lui-m\u00eame le reconna\u00eet : il est, d\u2019abord, un fan. Depuis tout petit.<\/p>\n<p class=\"paragraph text_align_left lp-f-body-02\">\u00c0 12 ou 13 ans, il \u00e9crit \u00e0 <a href=\"https:\/\/www.leparisien.fr\/culture-loisirs\/genevieve-de-fontenay-et-nous-tu-veux-parler-encore-des-miss-avec-ce-qui-se-passe-dans-le-monde-03-08-2023-CDXTMCNR35HGDOPK5ZQXQ3VMME.php\" target=\"_blank\" rel=\"noreferrer nofollow noopener\">Genevi\u00e8ve de Fontenay<\/a>. Il voudrait un autographe, une photo. Sur sa lanc\u00e9e, il s\u2019enhardit : \u00ab Je lui ai demand\u00e9 de d\u00e9jeuner avec moi, en lui pr\u00e9cisant que je n\u2019avais pas les moyens de l\u2019inviter. Elle a dit oui \u00bb. Ils se retrouvent aux Trois Obus, la cantine de la dame au chapeau pr\u00e8s du Parc de Princes (Paris XVIe). C\u2019est un gamin : \u00ab Il y a eu un coup de foudre amical compl\u00e8tement inattendu, lance-t-il. J\u2019ai travaill\u00e9 pour elle b\u00e9n\u00e9volement \u00e0 partir de 14 ou 15 ans, d\u2019abord en postant pour elle sur ses r\u00e9seaux sociaux. Elle n\u2019y connaissait rien techniquement mais \u00e7a l\u2019int\u00e9ressait \u00bb.<\/p>\n","protected":false},"excerpt":{"rendered":"Il est l\u2019homme qui affole la plan\u00e8te Miss France. Ce sont onze lignes, en 492 pages pas toujours&hellip;\n","protected":false},"author":2,"featured_media":379727,"comment_status":"","ping_status":"","sticky":false,"template":"","format":"standard","meta":{"footnotes":""},"categories":[8],"tags":[872,58,59,1011,27,3034],"class_list":{"0":"post-379726","1":"post","2":"type-post","3":"status-publish","4":"format-standard","5":"has-post-thumbnail","7":"category-divertissement","8":"tag-culture-et-loisirs","9":"tag-divertissement","10":"tag-entertainment","11":"tag-fr","12":"tag-france","13":"tag-miss-france"},"share_on_mastodon":{"url":"https:\/\/pubeurope.com\/@fr\/115178864894611077","error":""},"_links":{"self":[{"href":"https:\/\/www.europesays.com\/fr\/wp-json\/wp\/v2\/posts\/379726","targetHints":{"allow":["GET"]}}],"collection":[{"href":"https:\/\/www.europesays.com\/fr\/wp-json\/wp\/v2\/posts"}],"about":[{"href":"https:\/\/www.europesays.com\/fr\/wp-json\/wp\/v2\/types\/post"}],"author":[{"embeddable":true,"href":"https:\/\/www.europesays.com\/fr\/wp-json\/wp\/v2\/users\/2"}],"replies":[{"embeddable":true,"href":"https:\/\/www.europesays.com\/fr\/wp-json\/wp\/v2\/comments?post=379726"}],"version-history":[{"count":0,"href":"https:\/\/www.europesays.com\/fr\/wp-json\/wp\/v2\/posts\/379726\/revisions"}],"wp:featuredmedia":[{"embeddable":true,"href":"https:\/\/www.europesays.com\/fr\/wp-json\/wp\/v2\/media\/379727"}],"wp:attachment":[{"href":"https:\/\/www.europesays.com\/fr\/wp-json\/wp\/v2\/media?parent=379726"}],"wp:term":[{"taxonomy":"category","embeddable":true,"href":"https:\/\/www.europesays.com\/fr\/wp-json\/wp\/v2\/categories?post=379726"},{"taxonomy":"post_tag","embeddable":true,"href":"https:\/\/www.europesays.com\/fr\/wp-json\/wp\/v2\/tags?post=379726"}],"curies":[{"name":"wp","href":"https:\/\/api.w.org\/{rel}","templated":true}]}}