{"id":379737,"date":"2025-09-10T07:44:09","date_gmt":"2025-09-10T07:44:09","guid":{"rendered":"https:\/\/www.europesays.com\/fr\/379737\/"},"modified":"2025-09-10T07:44:09","modified_gmt":"2025-09-10T07:44:09","slug":"pagaille-sur-la47-pres-de-saint-etienne-ce-quil-sest-passe","status":"publish","type":"post","link":"https:\/\/www.europesays.com\/fr\/379737\/","title":{"rendered":"pagaille sur l&rsquo;A47 pr\u00e8s de Saint-\u00c9tienne, ce qu&rsquo;il s&rsquo;est pass\u00e9"},"content":{"rendered":"<p>            Par<br \/>\n        <strong><br \/>\n            <a href=\"https:\/\/actu.fr\/auteur\/julien-sournies\" title=\"Consulter tous les articles de Julien Sournies\" target=\"_blank\" rel=\"noopener\">Julien Sournies<\/a><br \/>\n        <\/strong><\/p>\n<p>        Publi\u00e9 le<\/p>\n<p>            10 sept. 2025 \u00e0 8h33        <\/p>\n<p>Alors que le principal rassemblement du <a href=\"https:\/\/actu.fr\/auvergne-rhone-alpes\/saint-etienne_42218\/bloquons-tout-le-10-septembre-voici-a-quoi-s-attendre-a-saint-etienne-et-dans-la-loire_63129940.html\" target=\"_blank\" rel=\"noopener\">mouvement \u00ab\u00a0Bloquons tout\u00a0\u00bb du 10 septembre<\/a> se concentrera essentiellement sur <a href=\"https:\/\/actu.fr\/saint-etienne\/\" target=\"_blank\" rel=\"noopener\">Saint-Etienne<\/a> \u00e0 partir de 8h30 ce mercredi, certaines actions ont d\u00e9j\u00e0 d\u00e9but\u00e9 dans la <a href=\"https:\/\/actu.fr\/auvergne-rhone-alpes\/loire_42\" target=\"_blank\" rel=\"noopener\">Loire<\/a>, notamment sur <strong>l\u2019autoroute A47<\/strong>.<\/p>\n<p class=\" wall-content\">Selon les informations transmises par la pr\u00e9fecture lig\u00e9rienne, trois voies (deux voies de circulation et une voie d\u2019insertion) ont \u00e9t\u00e9 neutralis\u00e9es peu avant 7h ce mercredi matin.\u00a0<\/p>\n<p>Un feu de carburant s\u00e8me la pagaille sur l\u2019A47<\/p>\n<p class=\" wall-content\">Toujours d\u2019apr\u00e8s les services de l\u2019\u00c9tat, cela est d\u00fb \u00e0 la <strong>mise \u00e0 feu d\u2019un carburant<\/strong> dans le sens Saint-Etienne \u2013 Lyon au niveau du kilom\u00e8tre 23, \u00e0 savoir \u00e0 hauteur de La Grand-Croix.<\/p>\n<p class=\" wall-content\">Mobilis\u00e9s sur les lieux, les CRS et les sapeurs-pompiers de la Loire ont proc\u00e9d\u00e9 au d\u00e9gagement des voiries et assur\u00e9 la circulation des v\u00e9hicules sur la bande d\u2019arr\u00eat d\u2019urgence.<\/p>\n<p class=\" wall-content\">La pr\u00e9fecture annonce que la circulation a \u00e9t\u00e9 r\u00e9tablie aux environs de 7h45, apr\u00e8s plus d\u2019une heure de pagaille.<\/p>\n<p>7 000 policiers et gendarmes mobilis\u00e9s en Auvergne-Rh\u00f4ne-Alpes<\/p>\n<p class=\" wall-content\">\u00c0 noter que quelque 7 000 policiers et gendarmes sont d\u00e9ploy\u00e9s sur l\u2019ensemble de la r\u00e9gion Auvergne-Rh\u00f4ne-Alpes pour cette journ\u00e9e de blocage massif. Cependant, pour l\u2019heure, le d\u00e9tail des effectifs d\u00e9ploy\u00e9s n\u2019a pas encore filtr\u00e9.<\/p>\n<p class=\" wall-content\">Par ailleurs, la pr\u00e9f\u00e8te de la Loire indique avoir d\u00e9cid\u00e9 l\u2019activation du Centre op\u00e9rationnel d\u00e9partemental (COD), afin de coordonner les op\u00e9rations de s\u00e9curit\u00e9 et de secours.<\/p>\n<p class=\" wall-content\">Personnalisez votre actualit\u00e9 en ajoutant vos villes et m\u00e9dias en favori avec <a href=\"https:\/\/moncompte.actu.fr\" title=\"D\u00e9couvez Mon Actu\" rel=\"nofollow noopener\" data-trk=\"{&quot;cta&quot;:{&quot;action&quot;:&quot;https:\\\/\\\/moncompte.actu.fr&quot;,&quot;category&quot;:&quot;mon compte&quot;,&quot;from&quot;:&quot;article footer&quot;,&quot;name&quot;:&quot;Mon actu&quot;,&quot;type&quot;:&quot;cta&quot;}}\" target=\"_blank\">Mon Actu<\/a>.<\/p>\n","protected":false},"excerpt":{"rendered":"Par Julien Sournies Publi\u00e9 le 10 sept. 2025 \u00e0 8h33 Alors que le principal rassemblement du mouvement \u00ab\u00a0Bloquons&hellip;\n","protected":false},"author":2,"featured_media":379738,"comment_status":"","ping_status":"","sticky":false,"template":"","format":"standard","meta":{"footnotes":""},"categories":[9653],"tags":[1111,11,2430,1777,674,1011,27,1272,50957,12,25,4001,104],"class_list":{"0":"post-379737","1":"post","2":"type-post","3":"status-publish","4":"format-standard","5":"has-post-thumbnail","7":"category-saint-etienne","8":"tag-actu","9":"tag-actualites","10":"tag-auvergne-rhone-alpes","11":"tag-eu","12":"tag-europe","13":"tag-fr","14":"tag-france","15":"tag-manifestations","16":"tag-mouvement-du-10-septembre","17":"tag-news","18":"tag-republique-francaise","19":"tag-saint-etienne","20":"tag-societe"},"share_on_mastodon":{"url":"https:\/\/pubeurope.com\/@fr\/115178888506239621","error":""},"_links":{"self":[{"href":"https:\/\/www.europesays.com\/fr\/wp-json\/wp\/v2\/posts\/379737","targetHints":{"allow":["GET"]}}],"collection":[{"href":"https:\/\/www.europesays.com\/fr\/wp-json\/wp\/v2\/posts"}],"about":[{"href":"https:\/\/www.europesays.com\/fr\/wp-json\/wp\/v2\/types\/post"}],"author":[{"embeddable":true,"href":"https:\/\/www.europesays.com\/fr\/wp-json\/wp\/v2\/users\/2"}],"replies":[{"embeddable":true,"href":"https:\/\/www.europesays.com\/fr\/wp-json\/wp\/v2\/comments?post=379737"}],"version-history":[{"count":0,"href":"https:\/\/www.europesays.com\/fr\/wp-json\/wp\/v2\/posts\/379737\/revisions"}],"wp:featuredmedia":[{"embeddable":true,"href":"https:\/\/www.europesays.com\/fr\/wp-json\/wp\/v2\/media\/379738"}],"wp:attachment":[{"href":"https:\/\/www.europesays.com\/fr\/wp-json\/wp\/v2\/media?parent=379737"}],"wp:term":[{"taxonomy":"category","embeddable":true,"href":"https:\/\/www.europesays.com\/fr\/wp-json\/wp\/v2\/categories?post=379737"},{"taxonomy":"post_tag","embeddable":true,"href":"https:\/\/www.europesays.com\/fr\/wp-json\/wp\/v2\/tags?post=379737"}],"curies":[{"name":"wp","href":"https:\/\/api.w.org\/{rel}","templated":true}]}}