{"id":379739,"date":"2025-09-10T07:45:15","date_gmt":"2025-09-10T07:45:15","guid":{"rendered":"https:\/\/www.europesays.com\/fr\/379739\/"},"modified":"2025-09-10T07:45:15","modified_gmt":"2025-09-10T07:45:15","slug":"bloquons-tout-des-actions-sur-la47-et-a-la-gare-de-chateaucreux","status":"publish","type":"post","link":"https:\/\/www.europesays.com\/fr\/379739\/","title":{"rendered":"Bloquons tout : des actions sur l\u2019A47 et \u00e0 la gare de Ch\u00e2teaucreux"},"content":{"rendered":"<p>Le mouvement \u00ab\u00a0Bloquons tout\u00a0\u00bb a d\u00e9but\u00e9 ce mercredi matin dans la Loire avec des op\u00e9rations \u00ab coup de poing \u00bb.<\/p>\n<p>Blocages d\u2019infrastructures de transports, de sites symboliques ou de lyc\u00e9es, manifestations\u2026 Le programme des actions du mouvement \u00ab\u00a0Bloquons tout\u00a0\u00bb est vaste et&#8230; impr\u00e9visible.\u00a0Pour cette journ\u00e9e du 10 septembre, <strong>7 000 policiers et gendarmes sont mobilis\u00e9s sur l&rsquo;ensemble de la r\u00e9gion<\/strong>, selon la pr\u00e9fecture d&rsquo;Auvergne-Rh\u00f4ne-Alpes. De son c\u00f4t\u00e9, la pr\u00e9f\u00e8te de la Loire a activ\u00e9, d\u00e8s 6 heures, le Comit\u00e9 op\u00e9rationnel d\u00e9partement (COD) pour coordonner les op\u00e9rations de s\u00e9curit\u00e9 et de secours.<\/p>\n<p>Dans la Loire, les secours et forces de l\u2019ordre ont \u00e9t\u00e9 mobilis\u00e9s sur l\u2019<strong>A47<\/strong>, au niveau de l\u2019Horme, peu avant 7 heures, pour un blocage de la circulation en direction de Lyon \u00ab\u00a0avec la mise \u00e0 feu d\u2019un carburant\u00a0\u00bb. Devant la <strong>gare de Saint-Etienne Ch\u00e2teaucreux<\/strong>, plusieurs dizaines de personnes ont bloqu\u00e9 la circulation des trams et voitures d\u00e8s 7 heures.<\/p>\n<p>A Lyon, des confrontations avec les CRS ont d\u00e9but\u00e9 d\u00e8s le lever du jour dans le secteur de la gare de Perrache.<\/p>\n<p>D&rsquo;autres informations \u00e0 suivre&#8230;<\/p>\n<p>ZF<\/p>\n<p>\u00a0<\/p>\n<p>\u00a0<\/p>\n","protected":false},"excerpt":{"rendered":"Le mouvement \u00ab\u00a0Bloquons tout\u00a0\u00bb a d\u00e9but\u00e9 ce mercredi matin dans la Loire avec des op\u00e9rations \u00ab coup de&hellip;\n","protected":false},"author":2,"featured_media":379740,"comment_status":"","ping_status":"","sticky":false,"template":"","format":"standard","meta":{"footnotes":""},"categories":[9653],"tags":[1111,11,2430,1777,674,1011,27,12,25,4001],"class_list":{"0":"post-379739","1":"post","2":"type-post","3":"status-publish","4":"format-standard","5":"has-post-thumbnail","7":"category-saint-etienne","8":"tag-actu","9":"tag-actualites","10":"tag-auvergne-rhone-alpes","11":"tag-eu","12":"tag-europe","13":"tag-fr","14":"tag-france","15":"tag-news","16":"tag-republique-francaise","17":"tag-saint-etienne"},"share_on_mastodon":{"url":"https:\/\/pubeurope.com\/@fr\/115178892515271191","error":""},"_links":{"self":[{"href":"https:\/\/www.europesays.com\/fr\/wp-json\/wp\/v2\/posts\/379739","targetHints":{"allow":["GET"]}}],"collection":[{"href":"https:\/\/www.europesays.com\/fr\/wp-json\/wp\/v2\/posts"}],"about":[{"href":"https:\/\/www.europesays.com\/fr\/wp-json\/wp\/v2\/types\/post"}],"author":[{"embeddable":true,"href":"https:\/\/www.europesays.com\/fr\/wp-json\/wp\/v2\/users\/2"}],"replies":[{"embeddable":true,"href":"https:\/\/www.europesays.com\/fr\/wp-json\/wp\/v2\/comments?post=379739"}],"version-history":[{"count":0,"href":"https:\/\/www.europesays.com\/fr\/wp-json\/wp\/v2\/posts\/379739\/revisions"}],"wp:featuredmedia":[{"embeddable":true,"href":"https:\/\/www.europesays.com\/fr\/wp-json\/wp\/v2\/media\/379740"}],"wp:attachment":[{"href":"https:\/\/www.europesays.com\/fr\/wp-json\/wp\/v2\/media?parent=379739"}],"wp:term":[{"taxonomy":"category","embeddable":true,"href":"https:\/\/www.europesays.com\/fr\/wp-json\/wp\/v2\/categories?post=379739"},{"taxonomy":"post_tag","embeddable":true,"href":"https:\/\/www.europesays.com\/fr\/wp-json\/wp\/v2\/tags?post=379739"}],"curies":[{"name":"wp","href":"https:\/\/api.w.org\/{rel}","templated":true}]}}