{"id":379743,"date":"2025-09-10T07:47:10","date_gmt":"2025-09-10T07:47:10","guid":{"rendered":"https:\/\/www.europesays.com\/fr\/379743\/"},"modified":"2025-09-10T07:47:10","modified_gmt":"2025-09-10T07:47:10","slug":"direct-bloquons-tout-sur-un-rond-point-dessey-les-nancy-on-a-un-serieux-probleme-dans-ce-pays","status":"publish","type":"post","link":"https:\/\/www.europesays.com\/fr\/379743\/","title":{"rendered":"DIRECT &#8211; \u00ab\u00a0Bloquons tout\u00a0\u00bb : sur un rond-point d&rsquo;Essey-l\u00e8s-Nancy, \u00ab\u00a0on a un s\u00e9rieux probl\u00e8me dans ce pays\u00a0\u00bb"},"content":{"rendered":"<p>Des appels \u00e0 \u00ab\u00a0tout bloquer\u00a0\u00bb dans le pays ce mercredi 10 septembre 2025 ont \u00e9t\u00e9 lanc\u00e9s depuis cet \u00e9t\u00e9 sur les r\u00e9seaux sociaux en r\u00e9ponse aux \u00e9conomies voulues par le gouvernement. Le point sur le mouvement et la mobilisation en Meurthe-et-Moselle et dans les Vosges.<\/p>\n<p><a class=\"IciLink ici-link IciArticleLink g-ici-body-regular-1 underline brand svelte-lu7k6w\" href=\"https:\/\/www.francebleu.fr\/infos\/societe\/tout-bloquer-le-10-septembre-ce-que-l-on-sait-de-l-appel-a-la-mobilisation-ne-sur-les-reseaux-sociaux-6469267\" target=\"_blank\" rel=\"noopener\">\u00ab\u00a0Bloquons tout\u00a0\u00bb,<\/a>\u00a0mot d&rsquo;ordre d&rsquo;une journ\u00e9e de mobilisation, ce\u00a0<a class=\"IciLink ici-link IciArticleLink g-ici-body-regular-1 underline brand svelte-lu7k6w\" href=\"https:\/\/www.francebleu.fr\/infos\/economie-social\/carte-bloquons-tout-a-quoi-s-attendre-pres-de-chez-vous-pour-la-mobilisation-du-10-septembre-9155577\" target=\"_blank\" rel=\"noopener\">mercredi 10 septembre<\/a>, annonc\u00e9e depuis plusieurs semaines et organis\u00e9e sur les r\u00e9seaux sociaux comme les comptes T\u00e9l\u00e9gram \u00ab\u00a0Indignons nous\u00a0\u00bb dans les Vosges et en Meurthe-et-Moselle ou\u00a0<a class=\"IciLink ici-link IciArticleLink g-ici-body-regular-1 underline brand svelte-lu7k6w\" href=\"https:\/\/www.francebleu.fr\/infos\/societe\/mobilisation-du-10-septembre-une-assemblee-generale-rassemble-plus-de-200-personnes-a-vandoeuvre-les-nancy-7424560\" target=\"_blank\" rel=\"noopener\">lors d&rsquo;assembl\u00e9e g\u00e9n\u00e9rales<\/a>. Gr\u00e8ves, manifestations, blocages ou filtrages de la circulation, boycott de la consommation, occupations de sites strat\u00e9giques comme des entreprises. On fait le point de la situation en temps r\u00e9el en Lorraine.<\/p>\n<p>loading<\/p>\n<p>L&rsquo;essentiel<\/p>\n<ul>\n<li>Une grande\u00a0<strong>manifestation reliera Vandoeuvre-les Nancy \u00e0 Nancy<\/strong>\u00a0cet apr\u00e8s-midi<\/li>\n<li>Jusqu&rsquo;\u00e0 80 manifestants ont occup\u00e9\u00a0<strong>un rond-point d&rsquo;Essey-les-Nancy<\/strong> au lev\u00e9 du jour<\/li>\n<li>Perturbations constat\u00e9es\u00a0<strong>devant le lyc\u00e9e Henri Poincar\u00e9 \u00e0 Nancy<\/strong><\/li>\n<li>L&rsquo;appel \u00e0 la gr\u00e8ve provoque des\u00a0<strong>perturbations sur le r\u00e9seau TER<\/strong>\u00a0en Lorraine<\/li>\n<li><a class=\"IciLink ici-link IciArticleLink g-ici-body-regular-1 underline brand svelte-lu7k6w\" href=\"https:\/\/www.francebleu.fr\/infos\/societe\/direct-bloquons-tout-suivez-la-mobilisation-en-meurthe-et-moselle-et-dans-les-vosges-6163178\" target=\"_blank\" rel=\"noopener\">Cliquez sur ce lien<\/a>\u00a0pour avoir les derni\u00e8res informations<\/li>\n<\/ul>\n<p>Blocage \u00e0 la Porte Verte dans l&rsquo;agglom\u00e9ration de Nancy<\/p>\n<p>D\u00e8s 6h00 ce mercredi matin, <strong>60 \u00e0 80<\/strong>\u00a0<strong>manifestants ont pris position sur un rond-point de la zone commerciale de la Porte Verte \u00e0 Essey-l\u00e8s-Nancy<\/strong>, selon un journaliste de votre radio locale Ici Lorraine. Des acc\u00e8s du rond-point \u00e9taient ferm\u00e9s \u00e0 la circulation et des automobilistes oblig\u00e9s de faire demi-tour. Pouvoir d&rsquo;achat, justice fiscale et sociale, r\u00e9partition des richesses, fonctionnement des institutions, rejet de la politique d&rsquo;Emmanuel Macron sont au c\u0153ur des revendications.\u00a0\u00ab\u00a0J&rsquo;ai envie de me mobiliser depuis tr\u00e8s longtemps, on a un s\u00e9rieux probl\u00e8me dans ce pays\u00a0\u00bb confie Eric, l&rsquo;un des manifestants qui \u00e9tait d\u00e9j\u00e0 sur les ronds-points en 2018. \u00ab\u00a0Il est normal que je sois la ce matin. Je veux que les multinationales arr\u00eatent de gouverner notre pays. Puisque la seule chose qui les fait marcher c&rsquo;est le fric, bloquons les sur le fric.\u00a0\u00bb\u00a0Parmi les personnes pr\u00e9sentes, des militants de La France Insoumise comme Sarah. \u00ab\u00a0On a des revendications communes avec les Fran\u00e7ais et les Fran\u00e7aises qui sont en col\u00e8re parce qu&rsquo;on leur retire des droits pour un budget d&rsquo;aust\u00e9rit\u00e9.\u00a0\u00bb\u00a0Et\u00a0<a class=\"IciLink ici-link IciArticleLink g-ici-body-regular-1 underline brand svelte-lu7k6w\" href=\"https:\/\/www.francebleu.fr\/infos\/politique\/sebastien-lecornu-un-choix-de-premier-ministre-qui-ne-convainc-pas-les-oppositions-9801800\" target=\"_blank\" rel=\"noopener\">le changement annonc\u00e9 de Premier Ministre<\/a>\u00a0et la nomination de S\u00e9bastien Lecornu en remplacement de Fran\u00e7ois Bayrou ne la satisfait \u00e9videmment pas. \u00ab\u00a0On prend les m\u00eames et on recommence et on sait tr\u00e8s bien qu&rsquo;on aura pas de changement.\u00a0\u00bb Aux alentours de 8h00, la police a fait \u00e9vacuer les manifestants dans le calme.<\/p>\n<p>Dans le centre-ville de Nancy, <strong>l&rsquo;entr\u00e9e du Lyc\u00e9e Henri Poincar\u00e9 et les abords de l&rsquo;\u00e9tablissement \u00e9taient bloqu\u00e9s<\/strong> par des manifestants \u00e0 l&rsquo;heure o\u00f9 les lyc\u00e9ens devaient habituellement entrer en cours.<\/p>\n<p>A 9h00, le R\u00e9seau Stan indique sur ses r\u00e9seaux sociaux qu&rsquo;une <strong>manifestation dans le secteur de la zone commerciale d&rsquo;Houdemont<\/strong> entraine la d\u00e9viation de la ligne T4.<\/p>\n<p> Plusieurs rendez-vous pr\u00e9vus<\/p>\n<p><strong>Une grande manifestation<\/strong> est \u00e9galement pr\u00e9vue entre Vandoeuvre-Nations et la place Carnot \u00e0 Nancy \u00e0 partir de 14h00. Toujours en Meurthe et Moselle, des rassemblements aussi \u00e0 Lun\u00e9ville, Toul ou Gerb\u00e9viller, \u00e0 partir de 10h00 au rond-point de la Mortagne.<\/p>\n<p>Peu avant 8h00, la Pr\u00e9fecture de Meurthe-et-Moselle indique avoir activ\u00e9 le centre op\u00e9rationnel d\u00e9partemental \u00ab\u00a0en pr\u00e9sence des services op\u00e9rationnels, afin de suivre la situation et de coordonner l\u2019action des services de l\u2019\u00c9tat durant cette journ\u00e9e d\u2019action.\u00a0\u00bb<\/p>\n<p>Dans les Vosges, un barrage filtrant s&rsquo;est mis en place <strong>au rond-point du Syndicat<\/strong> avec seulement&#8230; cinq manifestants. Un petit nombre qui n&#8217;emp\u00eache pas leur d\u00e9termination \u00e0 occuper le terrain. Ils pr\u00e9voient une distribution de tartes flamb\u00e9es cuites dans un four \u00e0 bois amen\u00e9 sp\u00e9cialement.\u00a0 Des manifestants se sont \u00e9galement rassembl\u00e9 \u00e0 partir de 9h00\u00a0<strong>devant les locaux de France Travail \u00e0 Epinal<\/strong>, \u00e0 10h00 au pied de la Tour de la Libert\u00e9 \u00e0 Saint-Di\u00e9-des-Vosges ou \u00e0 11h00 \u00e0 l&rsquo;Octroi \u00e0 Remiremont.<\/p>\n<p>Syndicats mobilis\u00e9s<\/p>\n<p>Des <strong>appels \u00e0 la gr\u00e8ve<\/strong> sont \u00e9galement lanc\u00e9s par plusieurs syndicats en Lorraine comme la CGT, FO ou Sud Solidaire dont Damien Richet est le co-secr\u00e9taire en Meurthe-et-Moselle. \u00ab\u00a0Nous soutenons les revendications de ce mouvement qui porte sur les salaires, les services publiques, la justice fiscale\u00a0\u00bb explique le militant, invit\u00e9 en direct d&rsquo;Ici Lorraine. \u00ab\u00a0Cela fait plusieurs ann\u00e9es maintenant que des politiques anti-sociales, anti-\u00e9cologiques, contre les travailleurs, pour les plus riches sont men\u00e9es. Et je pense que tous le monde en France en a marre de \u00e7a.\u00a0\u00bb<\/p>\n<p>Perturbations dans les transports<\/p>\n<p>A la SNCF, la circulation des TGV vers Paris ne devrait pas \u00eatre impact\u00e9e. Mais <strong>des perturbations sont annonc\u00e9es sur le r\u00e9seau TER en Lorraine<\/strong>. Elles sont \u00ab\u00a0l\u00e9g\u00e8res\u00a0\u00bb sur la ligne Nancy-Metz, mais plus importantes de Nancy vers Toul ou Saint-Di\u00e9-des-Vosges.\u00a0<a target=\"_blank\" rel=\"nofollow noopener noreferrer\" class=\"IciLink ici-link IciArticleLink g-ici-body-regular-1 underline brand svelte-lu7k6w\" href=\"https:\/\/www.ter.sncf.com\/grand-est\/se-deplacer\/info-trafic\/greve\">Consultez ici<\/a>\u00a0le plan de transport adapt\u00e9 communiqu\u00e9 par la SNCF.<\/p>\n<p>\u00c0 lire aussi   <img decoding=\"async\" src=\"https:\/\/www.europesays.com\/fr\/wp-content\/uploads\/2025\/09\/1757490430_791_560x315\" alt=\"Illustration Indignons nous\" style=\"--_image-preview:url('data:image\/jpeg;base64,\/9j\/2wBDACgcHiMeGSgjISMtKygwPGRBPDc3PHtYXUlkkYCZlo+AjIqgtObDoKrarYqMyP\/L2u71\/\/\/\/m8H\/\/\/\/6\/+b9\/\/j\/2wBDASstLTw1PHZBQXb4pYyl+Pj4+Pj4+Pj4+Pj4+Pj4+Pj4+Pj4+Pj4+Pj4+Pj4+Pj4+Pj4+Pj4+Pj4+Pj4+Pj4+Pj\/wAARCAAXACoDASIAAhEBAxEB\/8QAGAAAAwEBAAAAAAAAAAAAAAAAAAIDAQT\/xAAYEAEBAQEBAAAAAAAAAAAAAAAAAQIREv\/EABYBAQEBAAAAAAAAAAAAAAAAAAEAAv\/EABQRAQAAAAAAAAAAAAAAAAAAAAD\/2gAMAwEAAhEDEQA\/AODEVkSzVJWSaxPUP0tKR1kvFbGcIJNHmgATeh0AhlrACn\/\/2Q==');\" loading=\"lazy\" fetchpriority=\"low\" aria-hidden=\"true\" class=\"svelte-1pnmlwx rounded\" onload=\"this.__e=event\" onerror=\"this.__e=event\"\/><\/p>\n","protected":false},"excerpt":{"rendered":"Des appels \u00e0 \u00ab\u00a0tout bloquer\u00a0\u00bb dans le pays ce mercredi 10 septembre 2025 ont \u00e9t\u00e9 lanc\u00e9s depuis cet&hellip;\n","protected":false},"author":2,"featured_media":379744,"comment_status":"","ping_status":"","sticky":false,"template":"","format":"standard","meta":{"footnotes":""},"categories":[9635],"tags":[1111,11,1777,674,1011,27,775,1702,12,25],"class_list":{"0":"post-379743","1":"post","2":"type-post","3":"status-publish","4":"format-standard","5":"has-post-thumbnail","7":"category-nancy","8":"tag-actu","9":"tag-actualites","10":"tag-eu","11":"tag-europe","12":"tag-fr","13":"tag-france","14":"tag-grand-est","15":"tag-nancy","16":"tag-news","17":"tag-republique-francaise"},"share_on_mastodon":{"url":"https:\/\/pubeurope.com\/@fr\/115178900310757859","error":""},"_links":{"self":[{"href":"https:\/\/www.europesays.com\/fr\/wp-json\/wp\/v2\/posts\/379743","targetHints":{"allow":["GET"]}}],"collection":[{"href":"https:\/\/www.europesays.com\/fr\/wp-json\/wp\/v2\/posts"}],"about":[{"href":"https:\/\/www.europesays.com\/fr\/wp-json\/wp\/v2\/types\/post"}],"author":[{"embeddable":true,"href":"https:\/\/www.europesays.com\/fr\/wp-json\/wp\/v2\/users\/2"}],"replies":[{"embeddable":true,"href":"https:\/\/www.europesays.com\/fr\/wp-json\/wp\/v2\/comments?post=379743"}],"version-history":[{"count":0,"href":"https:\/\/www.europesays.com\/fr\/wp-json\/wp\/v2\/posts\/379743\/revisions"}],"wp:featuredmedia":[{"embeddable":true,"href":"https:\/\/www.europesays.com\/fr\/wp-json\/wp\/v2\/media\/379744"}],"wp:attachment":[{"href":"https:\/\/www.europesays.com\/fr\/wp-json\/wp\/v2\/media?parent=379743"}],"wp:term":[{"taxonomy":"category","embeddable":true,"href":"https:\/\/www.europesays.com\/fr\/wp-json\/wp\/v2\/categories?post=379743"},{"taxonomy":"post_tag","embeddable":true,"href":"https:\/\/www.europesays.com\/fr\/wp-json\/wp\/v2\/tags?post=379743"}],"curies":[{"name":"wp","href":"https:\/\/api.w.org\/{rel}","templated":true}]}}