{"id":379759,"date":"2025-09-10T07:55:18","date_gmt":"2025-09-10T07:55:18","guid":{"rendered":"https:\/\/www.europesays.com\/fr\/379759\/"},"modified":"2025-09-10T07:55:18","modified_gmt":"2025-09-10T07:55:18","slug":"le-point-sur-les-evenements-du-debut-de-matinee","status":"publish","type":"post","link":"https:\/\/www.europesays.com\/fr\/379759\/","title":{"rendered":"le point sur les \u00e9v\u00e8nements du d\u00e9but de matin\u00e9e"},"content":{"rendered":"<p>Comme cela avait \u00e9t\u00e9 annonc\u00e9 par le mouvement \u00ab\u00a0Bloquons tout\u00a0\u00bb, plusieurs barrages ont \u00e9t\u00e9 mis en place <a href=\"https:\/\/www.ledauphine.com\/social\/2025\/09\/08\/isere-mouvement-du-10-septembre-suivez-la-journee-en-direct\" target=\"_blank\" rel=\"noopener\">par les manifestants d\u00e8s 6 heures dans l\u2019agglom\u00e9ration grenobloise<\/a>.<\/p>\n<p>\u00c0 l\u2019intersection du boulevard Joseph-Vallier et de la rue Amp\u00e8re, \u00e0 quelques m\u00e8tres du pont de Catane, 150 \u00e0 200 manifestants, dont un grand nombre avaient le visage masqu\u00e9, ont install\u00e9 des poubelles et des barri\u00e8res de chantier en travers des voies pour installer un barrage filtrant.<\/p>\n<p>La police est intervenue vers 6 h 45 pour d\u00e9bloquer la circulation, utilisant les gaz lacrymog\u00e8nes \u00e0 trois reprises. De petits groupes de manifestants ont alors jet\u00e9 des palettes et incendi\u00e9 des poubelles sur le boulevard Jospeh-Vallier, les policiers du corps urbain chargeant \u00e0 plusieurs reprises pour disperser ces groupes. Le boulevard Joseph-Vallier a \u00e9t\u00e9 rendu \u00e0 la circulation vers 7 h 45<\/p>\n<p>Porte de France \u00e0 Grenoble, une centaine de personnes a occup\u00e9 les voies de circulation \u00e0 partir de 6 h 15 dans le sens Saint-Martin-le-Vinoux\/Grenoble, en op\u00e9rant un barrage filtrant sous les yeux de la police.<\/p>\n<p>Vers 7 heures, les unit\u00e9s du corps urbain ont effectu\u00e9 les premi\u00e8res sommations et les manifestants se sont repli\u00e9s sur la piste cyclable, lib\u00e9rant les voies. Ils ont demand\u00e9 \u00e0 \u00e9vacuer les lieux par le pont de la Porte de France, mais devant le refus de la police, sont finalement descendus par la voie verte sur berge et ont rejoint le centre par petits groupes.<\/p>\n<p>Des barrages toujours en place \u00e0 Grenoble,\u00a0Saint-Martin-d\u2019H\u00e8res et Fontaine<\/p>\n<p>Sur le boulevard Jean-Pain, un autre barrage filtrant a \u00e9t\u00e9 instaur\u00e9 \u00e0 partir de 6 heures par une cinquantaine de personnes. Il semble qu\u2019elles aient \u00e9t\u00e9 rejointes ensuite par des manifestants qui se trouvaient sur les autres points de blocage \u00e9vacu\u00e9s par la police. A 8 h 45, ce barrage filtrant \u00e9tait toujours en place, rassemblant environ 200 personnes.\u00a0\u00a0\u00a0\u00a0 \u00a0\u00a0<\/p>\n<p>Sur le rond-point situ\u00e9 face au magasin Ik\u00e9a, \u00e0 l\u2019entr\u00e9e du boulevard Gabriel-P\u00e9ri \u00e0 Saint-Martin-d\u2019H\u00e8res, environ 80 manifestants ont \u00e9galement mis en place un barrage filtrant dans le sens Gi\u00e8res-Grenoble, la police leur indiquant qu\u2019elle n\u2019interviendrait pas si le trafic continuait \u00e0 s\u2019\u00e9couler. A 8 h 45, ce barrage \u00e9tait toujours en place.<\/p>\n<p>Sur le campus de Saint-Martin-d\u2019H\u00e8res, une centaine d\u2019\u00e9tudiants a bloqu\u00e9 deux b\u00e2timents de l\u2019universit\u00e9 Stendhal, l\u2019un de ces b\u00e2timents \u00e9tant d\u00e9bloqu\u00e9 apr\u00e8s intervention des agents de s\u00e9curit\u00e9. Les manifestants ont obtenu du doyen, sur place une lev\u00e9e d\u2019assiduit\u00e9 pour leur permettre de manifester aujourd\u2019hui et de manquer les cours sans \u00eatre p\u00e9nalis\u00e9s.<\/p>\n<p>\u00c0 La Poya, \u00e0 Fontaine, un barrage filtrant a \u00e9galement \u00e9t\u00e9 mis en place, qui \u00e9tait toujours actif \u00e0 8 h 45.<\/p>\n","protected":false},"excerpt":{"rendered":"Comme cela avait \u00e9t\u00e9 annonc\u00e9 par le mouvement \u00ab\u00a0Bloquons tout\u00a0\u00bb, plusieurs barrages ont \u00e9t\u00e9 mis en place par&hellip;\n","protected":false},"author":2,"featured_media":379760,"comment_status":"","ping_status":"","sticky":false,"template":"","format":"standard","meta":{"footnotes":""},"categories":[9566],"tags":[1111,11,2430,3542,271,272,112,1777,674,274,107,9592,11680,1011,27,2731,2732,108,12,25],"class_list":{"0":"post-379759","1":"post","2":"type-post","3":"status-publish","4":"format-standard","5":"has-post-thumbnail","7":"category-grenoble","8":"tag-actu","9":"tag-actualites","10":"tag-auvergne-rhone-alpes","11":"tag-circulation","12":"tag-crime","13":"tag-delit-et-contravention","14":"tag-edition-grenoble-agglomeration","15":"tag-eu","16":"tag-europe","17":"tag-faits-divers-justice","18":"tag-fil-info","19":"tag-fontaine","20":"tag-fontaine-bassin","21":"tag-fr","22":"tag-france","23":"tag-grenoble","24":"tag-grenoble-bassin","25":"tag-isere","26":"tag-news","27":"tag-republique-francaise"},"share_on_mastodon":{"url":"https:\/\/pubeurope.com\/@fr\/115178931864649061","error":""},"_links":{"self":[{"href":"https:\/\/www.europesays.com\/fr\/wp-json\/wp\/v2\/posts\/379759","targetHints":{"allow":["GET"]}}],"collection":[{"href":"https:\/\/www.europesays.com\/fr\/wp-json\/wp\/v2\/posts"}],"about":[{"href":"https:\/\/www.europesays.com\/fr\/wp-json\/wp\/v2\/types\/post"}],"author":[{"embeddable":true,"href":"https:\/\/www.europesays.com\/fr\/wp-json\/wp\/v2\/users\/2"}],"replies":[{"embeddable":true,"href":"https:\/\/www.europesays.com\/fr\/wp-json\/wp\/v2\/comments?post=379759"}],"version-history":[{"count":0,"href":"https:\/\/www.europesays.com\/fr\/wp-json\/wp\/v2\/posts\/379759\/revisions"}],"wp:featuredmedia":[{"embeddable":true,"href":"https:\/\/www.europesays.com\/fr\/wp-json\/wp\/v2\/media\/379760"}],"wp:attachment":[{"href":"https:\/\/www.europesays.com\/fr\/wp-json\/wp\/v2\/media?parent=379759"}],"wp:term":[{"taxonomy":"category","embeddable":true,"href":"https:\/\/www.europesays.com\/fr\/wp-json\/wp\/v2\/categories?post=379759"},{"taxonomy":"post_tag","embeddable":true,"href":"https:\/\/www.europesays.com\/fr\/wp-json\/wp\/v2\/tags?post=379759"}],"curies":[{"name":"wp","href":"https:\/\/api.w.org\/{rel}","templated":true}]}}