{"id":379773,"date":"2025-09-10T08:02:13","date_gmt":"2025-09-10T08:02:13","guid":{"rendered":"https:\/\/www.europesays.com\/fr\/379773\/"},"modified":"2025-09-10T08:02:13","modified_gmt":"2025-09-10T08:02:13","slug":"mouvement-du-10-septembre-une-premiere-action-des-4-h-pres-de-laeroport-de-nantes","status":"publish","type":"post","link":"https:\/\/www.europesays.com\/fr\/379773\/","title":{"rendered":"Mouvement du 10\u00a0septembre. Une premi\u00e8re action d\u00e8s 4\u00a0h pr\u00e8s de l\u2019a\u00e9roport de Nantes"},"content":{"rendered":"<p>Ce sont les militants de la CGT que nous avons crois\u00e9 les premiers sur le terrain, ce mercredi 10\u00a0septembre. Ils sont une centaine rassembl\u00e9e pr\u00e8s de l\u2019a\u00e9roport de Nantes depuis 4\u00a0h du matin. <strong>\u00ab\u00a0Les gens r\u00e9clament un changement politique, on doit l\u2019accompagner\u00a0\u00bb,<\/strong> explique un manifestant au cours de la distribution de tracts dans une circulation encore filtr\u00e9e \u00e0 cette heure.<\/p>\n<p><strong>Lire aussi\u00a0:<\/strong> <a href=\"https:\/\/nantes.maville.com\/actu\/actudet_-10-septembre.-ce-qui-se-dessine-en-loire-atlantique-pour-la-mobilisation-de-bloquons-tout-_8-6967659_actu.Htm\" target=\"_self\" rel=\"noopener\">10\u00a0septembre. Ce qui se dessine en Loire-Atlantique pour la mobilisation de \u00ab\u00a0Bloquons tout\u00a0\u00bb<\/a><\/p>\n<p><strong>\u00ab\u00a0Je ne crois pas que la r\u00e9ponse de Macron avec la nomination de <a href=\"https:\/\/rennes.maville.com\/actu\/actudet_-portrait.-sebastien-lecornu-premier-ministre-qui-est-cet-allie-discret-d-emmanuel-macron-_54135-6967865_actu.Htm\" target=\"_self\" rel=\"noopener\">Lecornu comme Premier ministre<\/a> r\u00e9ponde \u00e0 l\u2019urgence de la situation\u00a0\u00bb,<\/strong> soupire Jimmy Ballet (CGT Airbus).<\/p>\n<p>\u00ab\u00a0Un trop-plein pour moi, un ras-le-bol\u00a0\u00bb<\/p>\n<p>Il n\u2019y a pas seulement des chasubles rouges de la CGT. Benjamin n\u2019est pas syndiqu\u00e9 et travaille dans les secours et le risque incendie \u00e0 l\u2019a\u00e9roport\u00a0: <strong>\u00ab\u00a0C\u2019est un trop-plein pour moi. Un ras-le-bol. Le syst\u00e8me ne fonctionne plus. J\u2019\u00e9tais pendant dix ans ambulancier au CHU de Nantes. On critique les urgences encombr\u00e9es, mais je trouve qu\u2019on ne prend pas les bonnes d\u00e9cisions pour les d\u00e9sengorger, les m\u00e9decins de ville ne prennent pas leur part. Je parle de \u00e7a comme d\u2019un syst\u00e8me \u00e0 revoir.\u00a0Je gagne 1\u00a0900\u00a0\u20ac environ et je suis plut\u00f4t bien pay\u00e9 dans mon domaine. Alors que je fais deux week-ends par mois et je travaille de nuit la moiti\u00e9 du temps. C\u2019est usant.\u00a0\u00bb<\/strong><\/p>\n<p>Fabienne, cheminote quinquag\u00e9naire. <strong>\u00ab\u00a0Les manifs ne servent \u00e0 rien, \u00e7a ne change pas le monde, mais je suis l\u00e0 quand m\u00eame. J\u2019ai besoin de partager ces moments. Ce qui m\u2019anime particuli\u00e8rement, c\u2019est que pour \u00eatre bien, j\u2019ai besoin de sentir que mon prochain vit bien. Aujourd\u2019hui ce n\u2019est pas le cas. Il y a beaucoup de souffrance en France et de pauvret\u00e9\u00a0\u00bb<\/strong><\/p>\n<p>Nos journalistes sur le terrain constatent que de premiers rassemblements se forment depuis 6, \u00e0 Nantes.<\/p>\n<p>\u00a0<\/p>\n","protected":false},"excerpt":{"rendered":"Ce sont les militants de la CGT que nous avons crois\u00e9 les premiers sur le terrain, ce mercredi&hellip;\n","protected":false},"author":2,"featured_media":379774,"comment_status":"","ping_status":"","sticky":false,"template":"","format":"standard","meta":{"footnotes":""},"categories":[2818],"tags":[5481,15540,631,1111,11,663,1777,674,1011,27,15777,766,12,2636,3762,25,395],"class_list":{"0":"post-379773","1":"post","2":"type-post","3":"status-publish","4":"format-standard","5":"has-post-thumbnail","7":"category-nantes","8":"tag-5481","9":"tag-15540","10":"tag-action","11":"tag-actu","12":"tag-actualites","13":"tag-aeroport","14":"tag-eu","15":"tag-europe","16":"tag-fr","17":"tag-france","18":"tag-mouvement","19":"tag-nantes","20":"tag-news","21":"tag-pays-de-la-loire","22":"tag-pres","23":"tag-republique-francaise","24":"tag-septembre"},"share_on_mastodon":{"url":"https:\/\/pubeurope.com\/@fr\/115178959310324706","error":""},"_links":{"self":[{"href":"https:\/\/www.europesays.com\/fr\/wp-json\/wp\/v2\/posts\/379773","targetHints":{"allow":["GET"]}}],"collection":[{"href":"https:\/\/www.europesays.com\/fr\/wp-json\/wp\/v2\/posts"}],"about":[{"href":"https:\/\/www.europesays.com\/fr\/wp-json\/wp\/v2\/types\/post"}],"author":[{"embeddable":true,"href":"https:\/\/www.europesays.com\/fr\/wp-json\/wp\/v2\/users\/2"}],"replies":[{"embeddable":true,"href":"https:\/\/www.europesays.com\/fr\/wp-json\/wp\/v2\/comments?post=379773"}],"version-history":[{"count":0,"href":"https:\/\/www.europesays.com\/fr\/wp-json\/wp\/v2\/posts\/379773\/revisions"}],"wp:featuredmedia":[{"embeddable":true,"href":"https:\/\/www.europesays.com\/fr\/wp-json\/wp\/v2\/media\/379774"}],"wp:attachment":[{"href":"https:\/\/www.europesays.com\/fr\/wp-json\/wp\/v2\/media?parent=379773"}],"wp:term":[{"taxonomy":"category","embeddable":true,"href":"https:\/\/www.europesays.com\/fr\/wp-json\/wp\/v2\/categories?post=379773"},{"taxonomy":"post_tag","embeddable":true,"href":"https:\/\/www.europesays.com\/fr\/wp-json\/wp\/v2\/tags?post=379773"}],"curies":[{"name":"wp","href":"https:\/\/api.w.org\/{rel}","templated":true}]}}