{"id":379793,"date":"2025-09-10T08:12:19","date_gmt":"2025-09-10T08:12:19","guid":{"rendered":"https:\/\/www.europesays.com\/fr\/379793\/"},"modified":"2025-09-10T08:12:19","modified_gmt":"2025-09-10T08:12:19","slug":"une-exposition-evenement-va-ouvrir-prochainement-a-lyon-sur-le-felin-le-plus-celebre-de-la-pop-culture","status":"publish","type":"post","link":"https:\/\/www.europesays.com\/fr\/379793\/","title":{"rendered":"Une exposition \u00e9v\u00e9nement va ouvrir prochainement \u00e0 Lyon sur le f\u00e9lin le plus c\u00e9l\u00e8bre de la pop culture"},"content":{"rendered":"<p>\t\t\t\t\t\t\t\t\t\t\t\t\t\t\t\t\t\t\t\t\t\t<img loading=\"lazy\" decoding=\"async\" src=\"https:\/\/www.europesays.com\/fr\/wp-content\/uploads\/2025\/09\/Template-article-1620-x-1080-px-43-1024x683.jpg\" class=\"img-fluid\" alt=\"Exposition Philippe Geluck Lyon 2025\" width=\"1024\" height=\"683\"\/><\/p>\n<p>Sans d\u00e9j\u00e0 parler <a href=\"https:\/\/lyonsecret.com\/top-meilleures-activites-noel-lyon\/\" rel=\"noopener noreferrer nofollow\" target=\"_self\" class=\"shortcode-outbound-link\" data-has-ga=\"true\" data-ga-type=\"click\" data-label=\"https:\/\/lyonsecret.com\/top-meilleures-activites-noel-lyon\/\" data-action=\"text_cta_0\" data-category=\"click_internal\"><strong>des guirlandes de No\u00ebl<\/strong><\/a>, il faut se l\u2019avouer\u2026 nous rentrons dans l\u2019arri\u00e8re saison et m\u00eame s\u2019il est toujours temps d\u2019aller se faire <a href=\"https:\/\/lyonsecret.com\/villages-autour-de-lyon\/\" rel=\"noopener noreferrer nofollow\" target=\"_self\" class=\"shortcode-outbound-link\" data-has-ga=\"true\" data-ga-type=\"click\" data-label=\"https:\/\/lyonsecret.com\/villages-autour-de-lyon\/\" data-action=\"text_cta_1\" data-category=\"click_internal\"><strong>une petite vadrouille dans l\u2019un des villages autour de Lyon<\/strong><\/a><strong>,<\/strong> il est aussi question de <a href=\"https:\/\/lyonsecret.com\/meilleures-expositions\/\" rel=\"noopener noreferrer nofollow\" target=\"_self\" class=\"shortcode-outbound-link\" data-has-ga=\"true\" data-ga-type=\"click\" data-label=\"https:\/\/lyonsecret.com\/meilleures-expositions\/\" data-action=\"text_cta_2\" data-category=\"click_internal\"><strong>la saison des expos<\/strong><\/a>. Et dans ce calendrier, en voil\u00e0 une qui tombe \u00e0 pic. <strong>\u00c0 partir du 4 octobre, Lyon va pouvoir se faire un t\u00eate \u00e0 t\u00eate tout \u00e0 fait particulier\u2026<\/strong><\/p>\n<p> <b>Avec le fameux Chat de Philippe Geluck<\/b> <\/p>\n<p><img fetchpriority=\"high\" decoding=\"async\" class=\"alignnone size-full wp-image-23196\" src=\"https:\/\/www.europesays.com\/fr\/wp-content\/uploads\/2025\/09\/Template-article-1620-x-1080-px-44.jpg\" alt=\"Le Chat Philippe Geluck\" width=\"1200\" height=\"800\"  \/><\/p>\n<p>On le re\u00e7oit en bande dessin\u00e9e pour no\u00ebl, en carte \u00e0 nos anniversaires, mille fois copi\u00e9s par les \u00e9l\u00e8ves sur le bord d\u2019un cahier en cours de maths, suivi par des milliers de personnes sur les r\u00e9seaux sociaux : <strong>il fait partie int\u00e9grante de notre culture populaire depuis 1983.<\/strong> Albums, hors s\u00e9rie, passages \u00e0 t\u00e9l\u00e9vision\u2026<strong> son CV est impressionnant !<\/strong> Ce qui est s\u00fbr c\u2019est que les suppos\u00e9s neuf vies d\u2019un chat ne suffiraient pas \u00e0 combler ne serait ce qu\u2019un neuvi\u00e8me de celle de notre mascotte. Mais ce qui retient avant tout notre attention, c\u2019est bien \u00e9videmment <strong>sa marque d\u2019humour, cette fameuse patte qui marque depuis maintenant plus de 40 ans notre quotidien. <\/strong><\/p>\n<p> <b>Un f\u00e9lin\u2026. dans la cage des fauves ! <\/b> <img loading=\"lazy\" decoding=\"async\" class=\"wp-image-23195 size-full\" src=\"https:\/\/www.europesays.com\/fr\/wp-content\/uploads\/2025\/09\/Template-article-1620-x-1080-px-45.jpg\" alt=\"\" width=\"1200\" height=\"800\"  \/>\u00a9lechat.com <\/p>\n<p><strong>Parler d\u2019un chat \u00e0 Lyon, quel comble !<\/strong> L\u2019exposition se tiendra donc \u00e0 <strong>la Galerie Estades<\/strong>, en plein c\u0153ur de la Presqu\u2019\u00eele. S<strong>ur plus de 300 m2<\/strong>, vous pourrez admirer <strong>le Chat<\/strong> sous toutes les coutures : <strong>sculptures, s\u00e9rigraphies<\/strong> et bien \u00e9videmment <strong>peintures<\/strong>. <strong>Philippe Geluck fera m\u00eame l\u2019honneur de sa pr\u00e9sence pour l\u2019inauguration le samedi 4 octobre.<\/strong><\/p>\n<p>Mais <strong>le Chat n\u2019en est pas \u00e0 son galop d\u2019essai<\/strong>, il a d\u00e9j\u00e0 \u00e9norm\u00e9ment baroud\u00e9 ! Dans le cadre de son expo<strong> \u201cLe Chat D\u00e9ambule\u201d<\/strong>, on l\u2019a vu <strong>sous la forme de sculptures en bronze \u00e0 Paris, Bordeaux, Monaco ou encore Gen\u00e8ve et Montreux attirant d\u00e9j\u00e0 plus de 6 millions de curieux\u2026 <\/strong>Cette autre exposition ne devrait donc pas impressioner l\u2019int\u00e9r\u00e9ss\u00e9. <\/p>\n<\/p>\n<p>\ud83d\udccdGalerie Estades \u2013 61 quai Saint-Vincent, Lyon 1<br \/>\ud83d\udcc5 Du samedi 4 octobre au samedi 15 novembre 2025<\/p>\n","protected":false},"excerpt":{"rendered":"Sans d\u00e9j\u00e0 parler des guirlandes de No\u00ebl, il faut se l\u2019avouer\u2026 nous rentrons dans l\u2019arri\u00e8re saison et m\u00eame&hellip;\n","protected":false},"author":2,"featured_media":379794,"comment_status":"","ping_status":"","sticky":false,"template":"","format":"standard","meta":{"footnotes":""},"categories":[1889],"tags":[1111,11,2430,1777,674,1011,27,2428,12,25],"class_list":{"0":"post-379793","1":"post","2":"type-post","3":"status-publish","4":"format-standard","5":"has-post-thumbnail","7":"category-lyon","8":"tag-actu","9":"tag-actualites","10":"tag-auvergne-rhone-alpes","11":"tag-eu","12":"tag-europe","13":"tag-fr","14":"tag-france","15":"tag-lyon","16":"tag-news","17":"tag-republique-francaise"},"share_on_mastodon":{"url":"https:\/\/pubeurope.com\/@fr\/115178998664216732","error":""},"_links":{"self":[{"href":"https:\/\/www.europesays.com\/fr\/wp-json\/wp\/v2\/posts\/379793","targetHints":{"allow":["GET"]}}],"collection":[{"href":"https:\/\/www.europesays.com\/fr\/wp-json\/wp\/v2\/posts"}],"about":[{"href":"https:\/\/www.europesays.com\/fr\/wp-json\/wp\/v2\/types\/post"}],"author":[{"embeddable":true,"href":"https:\/\/www.europesays.com\/fr\/wp-json\/wp\/v2\/users\/2"}],"replies":[{"embeddable":true,"href":"https:\/\/www.europesays.com\/fr\/wp-json\/wp\/v2\/comments?post=379793"}],"version-history":[{"count":0,"href":"https:\/\/www.europesays.com\/fr\/wp-json\/wp\/v2\/posts\/379793\/revisions"}],"wp:featuredmedia":[{"embeddable":true,"href":"https:\/\/www.europesays.com\/fr\/wp-json\/wp\/v2\/media\/379794"}],"wp:attachment":[{"href":"https:\/\/www.europesays.com\/fr\/wp-json\/wp\/v2\/media?parent=379793"}],"wp:term":[{"taxonomy":"category","embeddable":true,"href":"https:\/\/www.europesays.com\/fr\/wp-json\/wp\/v2\/categories?post=379793"},{"taxonomy":"post_tag","embeddable":true,"href":"https:\/\/www.europesays.com\/fr\/wp-json\/wp\/v2\/tags?post=379793"}],"curies":[{"name":"wp","href":"https:\/\/api.w.org\/{rel}","templated":true}]}}