{"id":379795,"date":"2025-09-10T08:13:12","date_gmt":"2025-09-10T08:13:12","guid":{"rendered":"https:\/\/www.europesays.com\/fr\/379795\/"},"modified":"2025-09-10T08:13:12","modified_gmt":"2025-09-10T08:13:12","slug":"a-lyon-le-difficile-proces-de-violences-policieres-contre-un-adolescent-de-14-ans","status":"publish","type":"post","link":"https:\/\/www.europesays.com\/fr\/379795\/","title":{"rendered":"A Lyon, le difficile proc\u00e8s de violences polici\u00e8res contre un adolescent de 14\u00a0ans"},"content":{"rendered":"\n<p class=\"article__paragraph  \">La France se donne-t-elle les bons moyens pour lutter ou m\u00eame \u00e9valuer les risques de violences ill\u00e9gitimes de ses forces de l\u2019ordre\u00a0?<strong> <\/strong>La question est lancinante au proc\u00e8s d\u2019un policier, accus\u00e9 d\u2019avoir port\u00e9 un violent<strong> <\/strong>coup au visage d\u2019un adolescent de 14\u00a0ans, un jour d\u2019\u00e9meute, le 19\u00a0d\u00e9cembre\u00a02020, \u00e0 Villeurbanne (M\u00e9tropole de Lyon).<\/p>\n<p class=\"article__paragraph  \">Selon le r\u00e9cit invariable du jeune homme, aujourd\u2019hui \u00e2g\u00e9 de 18\u00a0ans, qui l\u2019a r\u00e9p\u00e9t\u00e9 \u00e0 la barre du tribunal correctionnel de Lyon, mardi 9\u00a0septembre, le policier l\u2019aurait attrap\u00e9 par les \u00e9paules, fait pivoter, et frapp\u00e9 d\u2019un violent coup de bombe lacrymog\u00e8ne qui a explos\u00e9 sous l\u2019effet du choc.<\/p>\n<p class=\"article__paragraph  \">Apr\u00e8s une perte de connaissance, il s\u2019est r\u00e9veill\u00e9 dans la voiture des policiers qui l\u2019emmenaient en garde \u00e0 vue pour violences urbaines, la bouche ensanglant\u00e9e, plusieurs dents cass\u00e9es. Le jeune homme conteste avoir particip\u00e9 aux \u00e9meutes d\u00e9clench\u00e9es par l\u2019accident d\u2019un jeune pilote de scooter. Il sortait pour la premi\u00e8re fois depuis la fin du confinement sanitaire, sa m\u00e8re lui avait pr\u00eat\u00e9 sa carte bancaire.<\/p>\n<p>                              Lire aussi l\u2019entretien |  Article r\u00e9serv\u00e9 \u00e0 nos abonn\u00e9s  <a href=\"https:\/\/www.lemonde.fr\/societe\/article\/2025\/04\/25\/violences-policieres-pour-aline-olie-s-il-y-avait-sur-le-terrain-des-agents-plus-experimentes-il-y-aurait-probablement-moins-de-problemes_6599866_3224.html\" class=\"js-article-read-also catcher--favoris__link\" data-premium=\"1\" id=\"article-title-3419848\" target=\"_blank\" rel=\"noopener\">Violences polici\u00e8res\u00a0: \u00ab\u00a0S\u2019il y avait sur le terrain des agents plus exp\u00e9riment\u00e9s, il y aurait probablement moins de probl\u00e8mes\u00a0\u00bb<\/a>    <\/p>\n<p>   Lire plus tard  <\/p>\n<p class=\"article__paragraph  \">Son bus, parti de Vaulx-en-Velin (M\u00e9tropole de Lyon), a \u00e9t\u00e9 bloqu\u00e9 au niveau de la station Laurent Bonnevay \u00e0 cause des affrontements. \u00ab\u00a0Le chauffeur a fait descendre tout le monde, je me suis retrouv\u00e9 dans un nuage de lacrymog\u00e8ne\u00a0\u00bb, se souvient le jeune homme. En claquettes et en short, il s\u2019est r\u00e9fugi\u00e9 dans un parc avec ses deux copains, quand le policier lui a mis la main dessus.<\/p>\n<p class=\"article__paragraph  \">Version du policier\u00a0: le jeune \u00e9tait rep\u00e9r\u00e9 et poursuivi pour avoir jet\u00e9 des projectiles sur les forces de l\u2019ordre, la bombe lacrymog\u00e8ne a explos\u00e9 accidentellement en cognant son dos, il a ensuite chut\u00e9 face contre terre, ce qui a occasionn\u00e9 ses blessures. Ce que confirment deux de ses coll\u00e8gues pr\u00e9sents. \u00ab\u00a0Ce n\u2019est pas une affaire qui m\u2019avait marqu\u00e9\u00a0\u00bb, explique Denis B., athl\u00e9tique policier, se disant surpris par \u00ab\u00a0l\u2019acharnement\u00a0\u00bb qui le conduit \u00e0 compara\u00eetre au tribunal par citation directe \u2013\u00a0c\u2019est-\u00e0-dire apr\u00e8s la saisie directe du tribunal par la victime, sans qu\u2019il n\u2019y ait eu d\u2019instruction ni que le parquet se soit saisi du dossier\u00a0\u2013 alors que la proc\u00e9dure avait \u00e9t\u00e9 class\u00e9e sans suite par le parquet.<\/p>\n<p class=\"reading-mode-only \"><strong>Il vous reste 52.95% de cet article \u00e0 lire. La suite est r\u00e9serv\u00e9e aux abonn\u00e9s.<\/strong><\/p>\n","protected":false},"excerpt":{"rendered":"La France se donne-t-elle les bons moyens pour lutter ou m\u00eame \u00e9valuer les risques de violences ill\u00e9gitimes de&hellip;\n","protected":false},"author":2,"featured_media":367478,"comment_status":"","ping_status":"","sticky":false,"template":"","format":"standard","meta":{"footnotes":""},"categories":[1889],"tags":[1111,11,2430,1777,674,1011,27,2428,12,25],"class_list":{"0":"post-379795","1":"post","2":"type-post","3":"status-publish","4":"format-standard","5":"has-post-thumbnail","7":"category-lyon","8":"tag-actu","9":"tag-actualites","10":"tag-auvergne-rhone-alpes","11":"tag-eu","12":"tag-europe","13":"tag-fr","14":"tag-france","15":"tag-lyon","16":"tag-news","17":"tag-republique-francaise"},"share_on_mastodon":{"url":"https:\/\/pubeurope.com\/@fr\/115179002519829228","error":""},"_links":{"self":[{"href":"https:\/\/www.europesays.com\/fr\/wp-json\/wp\/v2\/posts\/379795","targetHints":{"allow":["GET"]}}],"collection":[{"href":"https:\/\/www.europesays.com\/fr\/wp-json\/wp\/v2\/posts"}],"about":[{"href":"https:\/\/www.europesays.com\/fr\/wp-json\/wp\/v2\/types\/post"}],"author":[{"embeddable":true,"href":"https:\/\/www.europesays.com\/fr\/wp-json\/wp\/v2\/users\/2"}],"replies":[{"embeddable":true,"href":"https:\/\/www.europesays.com\/fr\/wp-json\/wp\/v2\/comments?post=379795"}],"version-history":[{"count":0,"href":"https:\/\/www.europesays.com\/fr\/wp-json\/wp\/v2\/posts\/379795\/revisions"}],"wp:featuredmedia":[{"embeddable":true,"href":"https:\/\/www.europesays.com\/fr\/wp-json\/wp\/v2\/media\/367478"}],"wp:attachment":[{"href":"https:\/\/www.europesays.com\/fr\/wp-json\/wp\/v2\/media?parent=379795"}],"wp:term":[{"taxonomy":"category","embeddable":true,"href":"https:\/\/www.europesays.com\/fr\/wp-json\/wp\/v2\/categories?post=379795"},{"taxonomy":"post_tag","embeddable":true,"href":"https:\/\/www.europesays.com\/fr\/wp-json\/wp\/v2\/tags?post=379795"}],"curies":[{"name":"wp","href":"https:\/\/api.w.org\/{rel}","templated":true}]}}