{"id":379796,"date":"2025-09-10T08:15:19","date_gmt":"2025-09-10T08:15:19","guid":{"rendered":"https:\/\/www.europesays.com\/fr\/379796\/"},"modified":"2025-09-10T08:15:19","modified_gmt":"2025-09-10T08:15:19","slug":"mouvement-du-10-septembre-plus-de-75-interpellations-a-paris-et-en-ile-de-france","status":"publish","type":"post","link":"https:\/\/www.europesays.com\/fr\/379796\/","title":{"rendered":"Mouvement du 10 septembre : plus de 75 interpellations \u00e0 Paris et en \u00cele-de-France"},"content":{"rendered":"<p>Mobilisation chaotique<\/p>\n<p>La journ\u00e9e de mobilisation \u00ab Bloquons tout \u00bb a d\u00e9but\u00e9 dans une atmosph\u00e8re tendue dans la capitale. Blocages du p\u00e9riph\u00e9rique, heurts entre forces de l\u2019ordre et manifestants, d\u00e9p\u00f4ts de bus paralys\u00e9s et lyc\u00e9es filtr\u00e9s par des \u00e9l\u00e8ves : d\u00e8s l\u2019aube, l\u2019agglom\u00e9ration parisienne a \u00e9t\u00e9 secou\u00e9e par une s\u00e9rie d\u2019actions coordonn\u00e9es. La pr\u00e9fecture de police a annonc\u00e9 avoir proc\u00e9d\u00e9 \u00e0 75 interpellations en seulement quelques heures, tandis que 6 000 policiers et gendarmes ont \u00e9t\u00e9 d\u00e9ploy\u00e9s pour contenir la contestation.<\/p>\n","protected":false},"excerpt":{"rendered":"Mobilisation chaotique La journ\u00e9e de mobilisation \u00ab Bloquons tout \u00bb a d\u00e9but\u00e9 dans une atmosph\u00e8re tendue dans la&hellip;\n","protected":false},"author":2,"featured_media":379797,"comment_status":"","ping_status":"","sticky":false,"template":"","format":"standard","meta":{"footnotes":""},"categories":[1592],"tags":[48300,1111,11,51210,1003,7229,30492,1777,674,1011,27,662,15777,12,626,49527,25],"class_list":{"0":"post-379796","1":"post","2":"type-post","3":"status-publish","4":"format-standard","5":"has-post-thumbnail","7":"category-ile-de-france","8":"tag-10-septembre","9":"tag-actu","10":"tag-actualites","11":"tag-arrestations","12":"tag-budget","13":"tag-degradations","14":"tag-economies","15":"tag-eu","16":"tag-europe","17":"tag-fr","18":"tag-france","19":"tag-ile-de-france","20":"tag-mouvement","21":"tag-news","22":"tag-paris","23":"tag-protestation","24":"tag-republique-francaise"},"share_on_mastodon":{"url":"https:\/\/pubeurope.com\/@fr\/115179010499557542","error":""},"_links":{"self":[{"href":"https:\/\/www.europesays.com\/fr\/wp-json\/wp\/v2\/posts\/379796","targetHints":{"allow":["GET"]}}],"collection":[{"href":"https:\/\/www.europesays.com\/fr\/wp-json\/wp\/v2\/posts"}],"about":[{"href":"https:\/\/www.europesays.com\/fr\/wp-json\/wp\/v2\/types\/post"}],"author":[{"embeddable":true,"href":"https:\/\/www.europesays.com\/fr\/wp-json\/wp\/v2\/users\/2"}],"replies":[{"embeddable":true,"href":"https:\/\/www.europesays.com\/fr\/wp-json\/wp\/v2\/comments?post=379796"}],"version-history":[{"count":0,"href":"https:\/\/www.europesays.com\/fr\/wp-json\/wp\/v2\/posts\/379796\/revisions"}],"wp:featuredmedia":[{"embeddable":true,"href":"https:\/\/www.europesays.com\/fr\/wp-json\/wp\/v2\/media\/379797"}],"wp:attachment":[{"href":"https:\/\/www.europesays.com\/fr\/wp-json\/wp\/v2\/media?parent=379796"}],"wp:term":[{"taxonomy":"category","embeddable":true,"href":"https:\/\/www.europesays.com\/fr\/wp-json\/wp\/v2\/categories?post=379796"},{"taxonomy":"post_tag","embeddable":true,"href":"https:\/\/www.europesays.com\/fr\/wp-json\/wp\/v2\/tags?post=379796"}],"curies":[{"name":"wp","href":"https:\/\/api.w.org\/{rel}","templated":true}]}}