{"id":379798,"date":"2025-09-10T08:16:12","date_gmt":"2025-09-10T08:16:12","guid":{"rendered":"https:\/\/www.europesays.com\/fr\/379798\/"},"modified":"2025-09-10T08:16:12","modified_gmt":"2025-09-10T08:16:12","slug":"audiences-tv-catastrophe-pour-jai-pas-les-mots-avec-kendji-girac-sur-france-2","status":"publish","type":"post","link":"https:\/\/www.europesays.com\/fr\/379798\/","title":{"rendered":"Audiences TV\u00a0: catastrophe pour \u00ab\u00a0J\u2019ai pas les mots\u00a0\u00bb avec Kendji Girac sur France\u00a02"},"content":{"rendered":"<p class=\"paragraph text_align_left lp-f-body-02\">Cocorico ! Les supporters de l\u2019\u00e9quipe de France \u00e9taient nombreux ce mardi 9 septembre dans la soir\u00e9e devant le match \u00e9liminatoire de la Coupe du monde qui opposait <a href=\"https:\/\/www.leparisien.fr\/sports\/football\/equipe-de-france\/france-islande-2-1-pour-les-bleus-le-reve-americain-prend-forme-10-09-2025-BPNIBTZGANEEVNDIDIGZZK3GWQ.php\" target=\"_blank\" rel=\"noreferrer noopener\">la France \u00e0 l\u2019Islande (2-1)<\/a>. Selon le site M\u00e9diam\u00e9trie, 5,46 millions d\u2019amateurs ont suivi la rencontre diffus\u00e9e par TF 1. Cela repr\u00e9sente 29,9 % de l\u2019ensemble du public devant la t\u00e9l\u00e9vision. Impossible de lutter.<\/p>\n<p class=\"paragraph text_align_left lp-f-body-02\">Face \u00e0 cette concurrence, France 3 r\u00e9siste plut\u00f4t bien gr\u00e2ce \u00e0 un \u00e9pisode de \u00ab La Stagiaire, s\u00e9rie port\u00e9e par <a href=\"https:\/\/www.leparisien.fr\/culture-loisirs\/sortir-region-parisienne\/scrabble-menopause-et-drague-michele-bernier-loin-de-la-crise-de-la-soixantaine-01-04-2019-8044491.php\" rel=\"noopener\" target=\"_blank\">Mich\u00e8le Bernier<\/a> : 4,07 millions de fid\u00e8les ont r\u00e9pondu au rendez-vous, soit 21,2 % de parts d\u2019audience (PDA). C\u2019est m\u00eame plus que le premier in\u00e9dit de la semaine derni\u00e8re, suivi par 3,86 millions de personnes.<\/p>\n<p class=\"paragraph text_align_left lp-f-body-02\">L\u2019\u00e9cart se creuse encore entre la deuxi\u00e8me et la troisi\u00e8me marche du podium, occup\u00e9e par M 6, qui proposait \u00ab \u00c0 quel prix ? \u00bb, magazine qui a int\u00e9ress\u00e9 1,43 million de consommateurs, soit 7,5 % de parts de march\u00e9. Un score sensiblement identique \u00e0 celui du lancement de la nouvelle saison des \u00ab Tra\u00eetres \u00bb, la semaine derni\u00e8re, suivi par 1,45 million de curieux pour 10 % du public.<\/p>\n<p class=\"paragraph text_align_left lp-f-body-02\">lkj<\/p>\n<p class=\"paragraph text_align_left lp-f-body-02\">Catastrophe, en revanche, pour France 2, qui misait sur \u00ab J\u2019ai pas les mots, huit semaines pour sortir de l\u2019illettrisme \u00bb. Malgr\u00e9 la pr\u00e9sence de <a href=\"https:\/\/www.leparisien.fr\/culture-loisirs\/tv\/jai-pas-les-mots-sur-france-2-epaules-par-kendji-girac-ils-ont-huit-semaines-pour-sortir-de-lillettrisme-09-09-2025-XVL2R2OQOFD6TJLMK47OVRFLKA.php\" target=\"_self\" rel=\"noopener\">Kendji Girac<\/a>, ancien illettr\u00e9, le magazine n\u2019a int\u00e9ress\u00e9 que 596 000 t\u00e9l\u00e9spectateurs (3,5 % PDA). Mardi 2 septembre, le magazine \u00ab Laissez-vous guider \u00bb avait intrigu\u00e9 1,57 million d\u2019individus pour 9,7 % de PDA.<\/p>\n<p class=\"paragraph text_align_left lp-f-body-02\">Signalons encore 502 000 fid\u00e8les de \u00ab Monk \u00bb (2,7 % de PDA) branch\u00e9s sur TMC et 442 000 fans des Nuls qui se sont offerts un petit moment de nostalgie devant <a href=\"https:\/\/www.leparisien.fr\/culture-loisirs\/tv\/il-etait-une-fois-la-cite-de-la-peur-des-nuls-le-fabuleux-destin-de-la-comedie-culte-aux-400-gags-09-09-2025-HE23RQAYN5DXXBWYWKOYC3YGGE.php\" target=\"_self\" rel=\"noopener\">\u00ab la Cit\u00e9 de la peur \u00bb<\/a> sur 6Ter (2,6 % PDA).<\/p>\n","protected":false},"excerpt":{"rendered":"Cocorico ! Les supporters de l\u2019\u00e9quipe de France \u00e9taient nombreux ce mardi 9 septembre dans la soir\u00e9e devant&hellip;\n","protected":false},"author":2,"featured_media":379799,"comment_status":"","ping_status":"","sticky":false,"template":"","format":"standard","meta":{"footnotes":""},"categories":[1888],"tags":[1111,1928,11,1927,872,1777,674,1011,27,12,1926,626,1925,25,2205],"class_list":{"0":"post-379798","1":"post","2":"type-post","3":"status-publish","4":"format-standard","5":"has-post-thumbnail","7":"category-paris","8":"tag-actu","9":"tag-actu-paris","10":"tag-actualites","11":"tag-actualites-paris","12":"tag-culture-et-loisirs","13":"tag-eu","14":"tag-europe","15":"tag-fr","16":"tag-france","17":"tag-news","18":"tag-news-paris","19":"tag-paris","20":"tag-paris-news","21":"tag-republique-francaise","22":"tag-television-medias"},"share_on_mastodon":{"url":"https:\/\/pubeurope.com\/@fr\/115179014321188887","error":""},"_links":{"self":[{"href":"https:\/\/www.europesays.com\/fr\/wp-json\/wp\/v2\/posts\/379798","targetHints":{"allow":["GET"]}}],"collection":[{"href":"https:\/\/www.europesays.com\/fr\/wp-json\/wp\/v2\/posts"}],"about":[{"href":"https:\/\/www.europesays.com\/fr\/wp-json\/wp\/v2\/types\/post"}],"author":[{"embeddable":true,"href":"https:\/\/www.europesays.com\/fr\/wp-json\/wp\/v2\/users\/2"}],"replies":[{"embeddable":true,"href":"https:\/\/www.europesays.com\/fr\/wp-json\/wp\/v2\/comments?post=379798"}],"version-history":[{"count":0,"href":"https:\/\/www.europesays.com\/fr\/wp-json\/wp\/v2\/posts\/379798\/revisions"}],"wp:featuredmedia":[{"embeddable":true,"href":"https:\/\/www.europesays.com\/fr\/wp-json\/wp\/v2\/media\/379799"}],"wp:attachment":[{"href":"https:\/\/www.europesays.com\/fr\/wp-json\/wp\/v2\/media?parent=379798"}],"wp:term":[{"taxonomy":"category","embeddable":true,"href":"https:\/\/www.europesays.com\/fr\/wp-json\/wp\/v2\/categories?post=379798"},{"taxonomy":"post_tag","embeddable":true,"href":"https:\/\/www.europesays.com\/fr\/wp-json\/wp\/v2\/tags?post=379798"}],"curies":[{"name":"wp","href":"https:\/\/api.w.org\/{rel}","templated":true}]}}