{"id":379800,"date":"2025-09-10T08:17:15","date_gmt":"2025-09-10T08:17:15","guid":{"rendered":"https:\/\/www.europesays.com\/fr\/379800\/"},"modified":"2025-09-10T08:17:15","modified_gmt":"2025-09-10T08:17:15","slug":"medias-un-prix-pour-le-groupe-la-depeche","status":"publish","type":"post","link":"https:\/\/www.europesays.com\/fr\/379800\/","title":{"rendered":"M\u00e9dias\u00a0: un prix pour le groupe La D\u00e9p\u00eache"},"content":{"rendered":"<p>\n                                                                    l&rsquo;essentiel<br \/>\n                                                                Le groupe La D\u00e9p\u00eache a \u00e9t\u00e9 prim\u00e9 mardi soir lors de la remise des Grands prix m\u00e9dias de CB News \u00e0 Paris pour le rachat de Fadas event, organisateur de quatre festivals dans la r\u00e9gion dont les D\u00e9ferlantes.\n                            <\/p>\n<p>Le groupe La D\u00e9p\u00eache \u00e9tait \u00e0 l\u2019honneur mardi soir \u00e0 Paris. Notre journal a re\u00e7u le Grand Prix des m\u00e9dias CB News dans la cat\u00e9gorie \u00ab\u00a0meilleur mouvement strat\u00e9gique\u00a0\u00bb. Ce prix r\u00e9compense le rachat au d\u00e9but de l\u2019ann\u00e9e 2025, de Fadas event par le groupe La D\u00e9p\u00eache.<\/p>\n<p>Port\u00e9 par l\u2019impressionnant succ\u00e8s \u00e0 Toulouse du Rose Festival lanc\u00e9 par notre journal avec BigFlo\u00a0&amp; Oli et Bleu Citron, la D\u00e9p\u00eache du Midi a souhait\u00e9 \u00e9tendre ses activit\u00e9s dans le domaine des festivals avec le rachat de Fadas event qui regroupe quatre \u00e9v\u00e9nements culturels des Pyr\u00e9n\u00e9es-Orientales (Les D\u00e9ferlantes au Barcar\u00e8s, le Bacchus festival \u00e0 Argel\u00e8s, Live au campo \u00e0 Perpignan et Pellicu-Live \u00e0 Thuir).<\/p>\n<p>Aujourd\u2019hui, la D\u00e9p\u00eache du Midi se diversifie et ne se limite plus au seul monde de la presse. Le groupe est plus que jamais \u00ab\u00a0un acteur global des territoires\u00a0\u00bb.<\/p>\n<p>Le Prix CBNews r\u00e9compense cette diversification r\u00e9ussie. Le prix a \u00e9t\u00e9 officiellement remis hier soir, \u00e0 l\u2019occasion de sa 27e \u00e9dition, \u00e0 Eric Laffont-Baylet administrateur du groupe La D\u00e9p\u00eache.<\/p>\n","protected":false},"excerpt":{"rendered":"l&rsquo;essentiel Le groupe La D\u00e9p\u00eache a \u00e9t\u00e9 prim\u00e9 mardi soir lors de la remise des Grands prix m\u00e9dias&hellip;\n","protected":false},"author":2,"featured_media":379801,"comment_status":"","ping_status":"","sticky":false,"template":"","format":"standard","meta":{"footnotes":""},"categories":[1888],"tags":[1111,1928,11,1927,1777,674,1011,27,12,1926,626,1925,25],"class_list":{"0":"post-379800","1":"post","2":"type-post","3":"status-publish","4":"format-standard","5":"has-post-thumbnail","7":"category-paris","8":"tag-actu","9":"tag-actu-paris","10":"tag-actualites","11":"tag-actualites-paris","12":"tag-eu","13":"tag-europe","14":"tag-fr","15":"tag-france","16":"tag-news","17":"tag-news-paris","18":"tag-paris","19":"tag-paris-news","20":"tag-republique-francaise"},"share_on_mastodon":{"url":"https:\/\/pubeurope.com\/@fr\/115179018426234575","error":""},"_links":{"self":[{"href":"https:\/\/www.europesays.com\/fr\/wp-json\/wp\/v2\/posts\/379800","targetHints":{"allow":["GET"]}}],"collection":[{"href":"https:\/\/www.europesays.com\/fr\/wp-json\/wp\/v2\/posts"}],"about":[{"href":"https:\/\/www.europesays.com\/fr\/wp-json\/wp\/v2\/types\/post"}],"author":[{"embeddable":true,"href":"https:\/\/www.europesays.com\/fr\/wp-json\/wp\/v2\/users\/2"}],"replies":[{"embeddable":true,"href":"https:\/\/www.europesays.com\/fr\/wp-json\/wp\/v2\/comments?post=379800"}],"version-history":[{"count":0,"href":"https:\/\/www.europesays.com\/fr\/wp-json\/wp\/v2\/posts\/379800\/revisions"}],"wp:featuredmedia":[{"embeddable":true,"href":"https:\/\/www.europesays.com\/fr\/wp-json\/wp\/v2\/media\/379801"}],"wp:attachment":[{"href":"https:\/\/www.europesays.com\/fr\/wp-json\/wp\/v2\/media?parent=379800"}],"wp:term":[{"taxonomy":"category","embeddable":true,"href":"https:\/\/www.europesays.com\/fr\/wp-json\/wp\/v2\/categories?post=379800"},{"taxonomy":"post_tag","embeddable":true,"href":"https:\/\/www.europesays.com\/fr\/wp-json\/wp\/v2\/tags?post=379800"}],"curies":[{"name":"wp","href":"https:\/\/api.w.org\/{rel}","templated":true}]}}