{"id":379816,"date":"2025-09-10T08:25:11","date_gmt":"2025-09-10T08:25:11","guid":{"rendered":"https:\/\/www.europesays.com\/fr\/379816\/"},"modified":"2025-09-10T08:25:11","modified_gmt":"2025-09-10T08:25:11","slug":"en-direct-la-violation-par-la-russie-de-lespace-aerien-polonais-semble-intentionnelle-affirme-la-cheffe-de-la-diplomatie-europeenne-liberation","status":"publish","type":"post","link":"https:\/\/www.europesays.com\/fr\/379816\/","title":{"rendered":"EN DIRECT &#8211; La \u00abviolation\u00bb par la Russie de l\u2019espace a\u00e9rien polonais semble \u00abintentionnelle\u00bb, affirme la cheffe de la diplomatie europ\u00e9enne \u2013 Lib\u00e9ration"},"content":{"rendered":"<p class=\"sc-cPiKLX AiZTS text-element\">La \u00abviolation\u00bb par la Russie de l\u2019espace a\u00e9rien polonais, apr\u00e8s une incursion de drones dans la nuit de mardi \u00e0 mercredi, semble \u00abintentionnelle\u00bb, a affirm\u00e9 sur X la cheffe de la diplomatie europ\u00e9enne, Kaja Kallas. \u00abLa nuit derni\u00e8re en Pologne, nous avons assist\u00e9 \u00e0 la violation la plus grave de l\u2019espace a\u00e9rien europ\u00e9en par la Russie depuis le d\u00e9but de la guerre, et les indications sugg\u00e8rent qu\u2019il s\u2019agissait d\u2019un acte intentionnel, non accidentel\u00bb, a-t-elle d\u00e9clar\u00e9 sur X. <\/p>\n","protected":false},"excerpt":{"rendered":"La \u00abviolation\u00bb par la Russie de l\u2019espace a\u00e9rien polonais, apr\u00e8s une incursion de drones dans la nuit de&hellip;\n","protected":false},"author":2,"featured_media":379817,"comment_status":"","ping_status":"","sticky":false,"template":"","format":"standard","meta":{"footnotes":""},"categories":[1586],"tags":[11,19429,1777,674,1011,27,12,25,132,220,297,364,2544,135,134],"class_list":{"0":"post-379816","1":"post","2":"type-post","3":"status-publish","4":"format-standard","5":"has-post-thumbnail","7":"category-europe","8":"tag-actualites","9":"tag-donald-tusk","10":"tag-eu","11":"tag-europe","12":"tag-fr","13":"tag-france","14":"tag-news","15":"tag-republique-francaise","16":"tag-russie","17":"tag-ukraine","18":"tag-ukraine-la-crise","19":"tag-union-europeenne","20":"tag-ursula-von-der-leyen","21":"tag-vladimir-poutine","22":"tag-volodymyr-zelensky"},"share_on_mastodon":{"url":"https:\/\/pubeurope.com\/@fr\/115179049673234578","error":""},"_links":{"self":[{"href":"https:\/\/www.europesays.com\/fr\/wp-json\/wp\/v2\/posts\/379816","targetHints":{"allow":["GET"]}}],"collection":[{"href":"https:\/\/www.europesays.com\/fr\/wp-json\/wp\/v2\/posts"}],"about":[{"href":"https:\/\/www.europesays.com\/fr\/wp-json\/wp\/v2\/types\/post"}],"author":[{"embeddable":true,"href":"https:\/\/www.europesays.com\/fr\/wp-json\/wp\/v2\/users\/2"}],"replies":[{"embeddable":true,"href":"https:\/\/www.europesays.com\/fr\/wp-json\/wp\/v2\/comments?post=379816"}],"version-history":[{"count":0,"href":"https:\/\/www.europesays.com\/fr\/wp-json\/wp\/v2\/posts\/379816\/revisions"}],"wp:featuredmedia":[{"embeddable":true,"href":"https:\/\/www.europesays.com\/fr\/wp-json\/wp\/v2\/media\/379817"}],"wp:attachment":[{"href":"https:\/\/www.europesays.com\/fr\/wp-json\/wp\/v2\/media?parent=379816"}],"wp:term":[{"taxonomy":"category","embeddable":true,"href":"https:\/\/www.europesays.com\/fr\/wp-json\/wp\/v2\/categories?post=379816"},{"taxonomy":"post_tag","embeddable":true,"href":"https:\/\/www.europesays.com\/fr\/wp-json\/wp\/v2\/tags?post=379816"}],"curies":[{"name":"wp","href":"https:\/\/api.w.org\/{rel}","templated":true}]}}