{"id":379825,"date":"2025-09-10T08:32:12","date_gmt":"2025-09-10T08:32:12","guid":{"rendered":"https:\/\/www.europesays.com\/fr\/379825\/"},"modified":"2025-09-10T08:32:12","modified_gmt":"2025-09-10T08:32:12","slug":"will-skelton-de-retour-a-lentrainement-avec-la-rochelle","status":"publish","type":"post","link":"https:\/\/www.europesays.com\/fr\/379825\/","title":{"rendered":"Will Skelton de retour \u00e0 l\u2019entra\u00eenement avec La Rochelle !"},"content":{"rendered":"<p>Le deuxi\u00e8me ligne international Australien Will Skelton a r\u00e9cemment effectu\u00e9 son retour en France.<\/p>\n<p>Retenu par sa s\u00e9lection nationale pour disputer les premiers matches du Championship, le g\u00e9ant Rochelais a finalement \u00e9t\u00e9 lib\u00e9r\u00e9 par les Wallabies.<\/p>\n<p>Il s\u2019agit d\u2019une excellente nouvelle pour les Maritimes qui vont bient\u00f4t pouvoir de nouveau compter sur leur deuxi\u00e8me ligne.<\/p>\n<p>D\u00e9j\u00e0 pr\u00e9sent \u00e0 La Rochelle depuis une dizaine de jours, Will Skelton n\u2019a cependant pas participer au match de la premi\u00e8re journ\u00e9e du Top 14 contre l\u2019Union Bordeaux-B\u00e8gles.<\/p>\n<p>Son manager Ronan O\u2019Gara a laiss\u00e9 entendre, en conf\u00e9rence de presse, que le staff des Wallabies avait encore le pouvoir de d\u00e9cider de la date de reprise de leur joueur.<\/p>\n<p>Ce mardi, le Stade Rochelais a publi\u00e9 une photo de son joueur via ses r\u00e9seaux sociaux, avec \u00e9crit \u00ab\u00a0He is back\u00ab\u00a0.<\/p>\n<p>Sur cette photo, on constate que Will Skelton a pleinement repris l\u2019entrainement avec le Stade Rochelais.<\/p>\n<p>Postulera-t-il pour le match de la deuxi\u00e8me journ\u00e9e du Top 14 ?<\/p>\n<p><strong>Tr\u00e8s certainement !<\/strong><\/p>\n","protected":false},"excerpt":{"rendered":"Le deuxi\u00e8me ligne international Australien Will Skelton a r\u00e9cemment effectu\u00e9 son retour en France. Retenu par sa s\u00e9lection&hellip;\n","protected":false},"author":2,"featured_media":329077,"comment_status":"","ping_status":"","sticky":false,"template":"","format":"standard","meta":{"footnotes":""},"categories":[1416],"tags":[1011,27,479,1468,60],"class_list":{"0":"post-379825","1":"post","2":"type-post","3":"status-publish","4":"format-standard","5":"has-post-thumbnail","7":"category-rugby","8":"tag-fr","9":"tag-france","10":"tag-rugby","11":"tag-rugby-football","12":"tag-sports"},"share_on_mastodon":{"url":"https:\/\/pubeurope.com\/@fr\/115179077263572263","error":""},"_links":{"self":[{"href":"https:\/\/www.europesays.com\/fr\/wp-json\/wp\/v2\/posts\/379825","targetHints":{"allow":["GET"]}}],"collection":[{"href":"https:\/\/www.europesays.com\/fr\/wp-json\/wp\/v2\/posts"}],"about":[{"href":"https:\/\/www.europesays.com\/fr\/wp-json\/wp\/v2\/types\/post"}],"author":[{"embeddable":true,"href":"https:\/\/www.europesays.com\/fr\/wp-json\/wp\/v2\/users\/2"}],"replies":[{"embeddable":true,"href":"https:\/\/www.europesays.com\/fr\/wp-json\/wp\/v2\/comments?post=379825"}],"version-history":[{"count":0,"href":"https:\/\/www.europesays.com\/fr\/wp-json\/wp\/v2\/posts\/379825\/revisions"}],"wp:featuredmedia":[{"embeddable":true,"href":"https:\/\/www.europesays.com\/fr\/wp-json\/wp\/v2\/media\/329077"}],"wp:attachment":[{"href":"https:\/\/www.europesays.com\/fr\/wp-json\/wp\/v2\/media?parent=379825"}],"wp:term":[{"taxonomy":"category","embeddable":true,"href":"https:\/\/www.europesays.com\/fr\/wp-json\/wp\/v2\/categories?post=379825"},{"taxonomy":"post_tag","embeddable":true,"href":"https:\/\/www.europesays.com\/fr\/wp-json\/wp\/v2\/tags?post=379825"}],"curies":[{"name":"wp","href":"https:\/\/api.w.org\/{rel}","templated":true}]}}