{"id":379828,"date":"2025-09-10T08:35:11","date_gmt":"2025-09-10T08:35:11","guid":{"rendered":"https:\/\/www.europesays.com\/fr\/379828\/"},"modified":"2025-09-10T08:35:11","modified_gmt":"2025-09-10T08:35:11","slug":"misano-accueille-un-nouvel-episode-de-la-lutte-pour-le-titre-motoe","status":"publish","type":"post","link":"https:\/\/www.europesays.com\/fr\/379828\/","title":{"rendered":"Misano accueille un nouvel \u00e9pisode de la lutte pour le titre MotoE\u2122"},"content":{"rendered":"<p>Le Championnat du Monde FIM MotoE\u2122 fait escale au circuit Marco Simoncelli de Misano pour la sixi\u00e8me manche de la saison. Ce trac\u00e9, qui figure au calendrier depuis la toute premi\u00e8re \u00e9dition de la comp\u00e9tition, accueille l&rsquo;avant-dernier rendez-vous de la campagne 2025. La lutte pour le titre est plus serr\u00e9e que jamais, Mattia Casadei (LCR E-Team) et Lorenzo Baldassarri (Dynavolt Intact GP MotoE\u2122) \u00e9tant \u00e0 \u00e9galit\u00e9 de points en t\u00eate du classement. 50 unit\u00e9s sont en jeu ce week-end dans deux confrontations qui s&rsquo;annoncent passionnantes !<\/p>\n<p>Mattia Casadei et Lorenzo Baldassarri totalisent chacun 132 points, ce dernier n&rsquo;ayant encore remport\u00e9 aucune victoire dans la s\u00e9rie \u00e9lectrique. Cependant, sa constance sans faille lui permet de rester dans la course tout comme leur compatriote Alessandro Zaccone (Aruba Cloud MotoE\u2122 Team), troisi\u00e8me \u00e0 10 points du duo. Le pilote Aruba n&rsquo;est plus mont\u00e9 sur le podium depuis la deuxi\u00e8me manche \u00e0 Assen. Il est talonn\u00e9 par Nicholas Spinelli (Rivacold Snipers Team MotoE\u2122), qui a d\u00e9croch\u00e9 son deuxi\u00e8me podium de l&rsquo;ann\u00e9e lors de la derni\u00e8re course, et par un impressionnant Matteo Ferrari (Felo Gresini MotoE\u2122). Il ne faut jamais oublier le repr\u00e9sentant de Gresini, qui sera plus d\u00e9termin\u00e9 que jamais \u00e0 rattraper les points perdus suite \u00e0 une chute tardive \u00e0 Barcelone.<\/p>\n<p>R\u00e9put\u00e9 pour son impr\u00e9visibilit\u00e9, Misano offre \u00e0 Oscar Gutierrez (MSI Racing Team) une chance de remonter sur le podium pour la premi\u00e8re fois depuis la manche d&rsquo;ouverture de la saison, sur le trac\u00e9 o\u00f9 il a sign\u00e9 un doubl\u00e9 en 2024. En parlant de doubl\u00e9, Eric Granado (LCR E-Team) fait partie des pilotes en grande forme ces derniers temps. En effet, le Br\u00e9silien a enfin ouvert son compteur de victoires cette saison apr\u00e8s un d\u00e9but d&rsquo;ann\u00e9e difficile d\u00fb \u00e0 une blessure. Le pilote LCR occupe la sixi\u00e8me place du classement derri\u00e8re Nicholas Spinelli et Matteo Ferrari.<\/p>\n<p>Andrea Mantovani (KLINT Forward Factory Team) aura fort \u00e0 faire pour revenir au Championnat du Monde apr\u00e8s une chute en Catalogne qui le fait sortir du top 5. De son c\u00f4t\u00e9, H\u00e9ctor Garz\u00f3 (Dynavolt Intact GP MotoE\u2122) abordera le week-end avec une motivation suppl\u00e9mentaire puisqu&rsquo;il se rend sur le trac\u00e9 o\u00f9 il a \u00e9t\u00e9 sacr\u00e9 en 2024.<\/p>\n<p>Pour revoir tout ce qu&rsquo;il s&rsquo;est pass\u00e9 en Catalogne dans la cat\u00e9gorie \u00e9lectrique, \u00e7a se passe juste en-dessous !<\/p>\n<p>Course 1 :Course 2\u00a0:<\/p>\n","protected":false},"excerpt":{"rendered":"Le Championnat du Monde FIM MotoE\u2122 fait escale au circuit Marco Simoncelli de Misano pour la sixi\u00e8me manche&hellip;\n","protected":false},"author":2,"featured_media":379829,"comment_status":"","ping_status":"","sticky":false,"template":"","format":"standard","meta":{"footnotes":""},"categories":[1413],"tags":[1011,27,1457,1456,60,2032],"class_list":{"0":"post-379828","1":"post","2":"type-post","3":"status-publish","4":"format-standard","5":"has-post-thumbnail","7":"category-moto","8":"tag-fr","9":"tag-france","10":"tag-moto","11":"tag-motocycle","12":"tag-sports","13":"tag-text"},"share_on_mastodon":{"url":"https:\/\/pubeurope.com\/@fr\/115179089090656827","error":""},"_links":{"self":[{"href":"https:\/\/www.europesays.com\/fr\/wp-json\/wp\/v2\/posts\/379828","targetHints":{"allow":["GET"]}}],"collection":[{"href":"https:\/\/www.europesays.com\/fr\/wp-json\/wp\/v2\/posts"}],"about":[{"href":"https:\/\/www.europesays.com\/fr\/wp-json\/wp\/v2\/types\/post"}],"author":[{"embeddable":true,"href":"https:\/\/www.europesays.com\/fr\/wp-json\/wp\/v2\/users\/2"}],"replies":[{"embeddable":true,"href":"https:\/\/www.europesays.com\/fr\/wp-json\/wp\/v2\/comments?post=379828"}],"version-history":[{"count":0,"href":"https:\/\/www.europesays.com\/fr\/wp-json\/wp\/v2\/posts\/379828\/revisions"}],"wp:featuredmedia":[{"embeddable":true,"href":"https:\/\/www.europesays.com\/fr\/wp-json\/wp\/v2\/media\/379829"}],"wp:attachment":[{"href":"https:\/\/www.europesays.com\/fr\/wp-json\/wp\/v2\/media?parent=379828"}],"wp:term":[{"taxonomy":"category","embeddable":true,"href":"https:\/\/www.europesays.com\/fr\/wp-json\/wp\/v2\/categories?post=379828"},{"taxonomy":"post_tag","embeddable":true,"href":"https:\/\/www.europesays.com\/fr\/wp-json\/wp\/v2\/tags?post=379828"}],"curies":[{"name":"wp","href":"https:\/\/api.w.org\/{rel}","templated":true}]}}