{"id":37983,"date":"2025-04-20T04:25:17","date_gmt":"2025-04-20T04:25:17","guid":{"rendered":"https:\/\/www.europesays.com\/fr\/37983\/"},"modified":"2025-04-20T04:25:17","modified_gmt":"2025-04-20T04:25:17","slug":"florent-pagny-stresse-pour-les-battles-de-the-voice-2025-il-explique-pourquoi-ce-sera-plus-difficile-cette-annee","status":"publish","type":"post","link":"https:\/\/www.europesays.com\/fr\/37983\/","title":{"rendered":"Florent Pagny stress\u00e9 pour les battles de The Voice 2025, il explique pourquoi ce sera plus difficile cette ann\u00e9e"},"content":{"rendered":"<p>Ce samedi 19 avril, Nikos Aliagas pr\u00e9sente les battles de la saison 2025 de The Voice. Une \u00e9tape qui est sera particuli\u00e8rement difficile cette ann\u00e9e pour les coachs, comme Florent Pagny le souligne en d\u00e9but d&rsquo;\u00e9mission. Le chanteur explique pourquoi.<\/p>\n<p>Le 1er f\u00e9vrier 2025, TF1 lan\u00e7ait sur sa cha\u00eene <a href=\"https:\/\/www.programme-tv.net\/news\/tv\/366653-the-voice-2025-retour-de-florent-pagny-nouveaux-coachs-epreuve-inedite-ce-que-l-on-sait-sur-la-saison-14\/\" data-api-deeplink=\"teleloisirs:\/\/news\/366653\" target=\"_blank\" rel=\"noopener\">la nouvelle saison de The Voice<\/a>. Pendant neuf semaines, les t\u00e9l\u00e9spectateurs ont suivi les auditions \u00e0 l&rsquo;aveugle qui donnent l&rsquo;opportunit\u00e9 aux talents de poursuivre l&rsquo;aventure avec un des coachs : Florent Pagny \u2013 <a href=\"https:\/\/www.programme-tv.net\/\/news\/people\/370296-a-aucun-moment-je-ne-me-suis-laisse-bouffer-par-le-cancer-florent-pagny-evoque-son-combat-contre-la-maladie-avant-son-retour-dans-the-voice\/\" target=\"_blank\" rel=\"noopener\">il fait son retour apr\u00e8s s&rsquo;\u00eatre absent\u00e9 \u00e0 cause de son cancer <\/a>\u2013, Vianney, Zaz et Patricia Kaas. Puis, exit les K.O, les Cross Battles et les Super Cross Battles, cette ann\u00e9e, une \u00e9tape in\u00e9dite chamboule tout : les \u00e9quipes. Pendant deux semaines, tous les candidats s\u00e9lectionn\u00e9s ont \u00e9t\u00e9 r\u00e9partis en \u00e9quipes de trois ou quatre et se sont affront\u00e9s. Apr\u00e8s chaque performance, les coachs pouvaient en garder un ou plusieurs afin d&rsquo;en avoir six au total.<a href=\"https:\/\/www.programme-tv.net\/\/news\/tv\/375184-du-jamais-vu-dans-the-voice-2025-florent-pagny-prend-une-decision-inedite-pour-plusieurs-candidats\/\" target=\"_blank\" rel=\"noopener\"> Toutefois, l&rsquo;interpr\u00e8te de Ma libert\u00e9 de penser a boulevers\u00e9 les r\u00e8gles en cr\u00e9ant un trio parmi ses talents.<\/a><\/p>\n<p><b>Florent Pagny (<\/b><b>The Voice<\/b><b>) fait part de son anxi\u00e9t\u00e9 lors des battles : <\/b><b>\u00ab\u00a0C&rsquo;est super dur\u00a0\u00bb <\/b><\/p>\n<p>Ce samedi 19 avril, les jeunes artistes se d\u00e9fient lors du seul et unique num\u00e9ro des battles de la saison. D\u00e8s la semaine prochaine, TF1 diffusera en direct la demi-finale. En d\u00e9but de soir\u00e9e, Zaz s&rsquo;est lanc\u00e9e pour sa premi\u00e8re battle qui opposait Mina Blue \u2013 <a href=\"https:\/\/www.programme-tv.net\/\/news\/tv\/372025-j-ai-depense-20-000-euros-pourquoi-mina-blue-mise-tout-sur-sa-participation-a-the-voice-2025\/\" target=\"_blank\" rel=\"noopener\">pr\u00eate \u00e0 tout pour aller loin dans la comp\u00e9tition<\/a> \u2013 \u00e0 Maag, <a href=\"https:\/\/www.programme-tv.net\/\/news\/tv\/371708-il-fallait-que-je-leur-dise-a-un-moment-donne-maag-the-voice-devoile-le-sexe-de-son-bebe-et-raconte-comment-la-production-a-reagi-a-l-annonce-de-sa-grossesse\/\" target=\"_blank\" rel=\"noopener\">enceinte lors du tournage<\/a>. Apr\u00e8s une prestation \u00e9poustouflante sur Rolling in the deep d&rsquo;Adele, leur coach a d\u00fb les d\u00e9partager. Non sans h\u00e9sitation, elle a d\u00e9cid\u00e9 de poursuivre avec celle qui brille dans la com\u00e9die musicale Starmania. Puis une fois dans le bain avec cette premi\u00e8re battle, Florent Pagny s&rsquo;est livr\u00e9 sur l&rsquo;enjeu tr\u00e8s particulier de cette \u00e9tape cette ann\u00e9e. <b>\u00ab\u00a0J&rsquo;ai compris pourquoi c&rsquo;\u00e9tait super dur\u00a0\u00bb<\/b>, d\u00e9bute-t-il. Il explique : \u00ab\u00a0L\u00e0, on est \u00e0 la troisi\u00e8me phase, d&rsquo;habitude, on fait les auditions \u00e0 l&rsquo;aveugle et on arrive tout de suite aux battles, il y avait plus de faiblesses, ce n&rsquo;\u00e9tait pas aussi pr\u00e9cis, on ne les connaissait pas autant.\u00a0\u00bb<\/p>\n<p>                        Florent Pagny se l\u00e2che dans The Voice 2025 : \u00ab\u00a0<b>On va souffrir notre race<\/b><b>\u00ab\u00a0<\/b><\/p>\n<p>Par cons\u00e9quent, Florent Pagny estime \u00e9prouver davantage d&rsquo;affection pour les candidats : \u00ab\u00a0L\u00e0, on est \u00e0 la troisi\u00e8me phase, on a plus d&rsquo;attaches et ils ont d&rsquo;un super niveau\u00a0\u00bb. C&rsquo;est la raison pour laquelle Florent Pagny appr\u00e9hende d&rsquo;envoyer sur le plateau ceux pour qui il a eu un coup de c\u0153ur quelques semaines plus t\u00f4t. <b>\u00ab\u00a0<\/b><b>\u00c7a va \u00eatre dur, \u00e7a va \u00eatre tr\u00e8s tr\u00e8s dur, vous allez vivre des beaux tableaux, et nous, on va souffrir notre race, comme on dit<\/b><b>\u00ab\u00a0<\/b>, pr\u00e9cise-t-il en provoquant l&rsquo;hilarit\u00e9 des spectateurs. \u00ab\u00a0Une tr\u00e8s bonne analyse\u00a0\u00bb, a r\u00e9sum\u00e9 Nikos Aliagas avant d&rsquo;envoyer les prochains talents sur sc\u00e8ne.<\/p>\n","protected":false},"excerpt":{"rendered":"Ce samedi 19 avril, Nikos Aliagas pr\u00e9sente les battles de la saison 2025 de The Voice. Une \u00e9tape&hellip;\n","protected":false},"author":2,"featured_media":37984,"comment_status":"","ping_status":"","sticky":false,"template":"","format":"standard","meta":{"footnotes":""},"categories":[8],"tags":[244,58,59,3109,1011,27,8525,10827,199,3074],"class_list":{"0":"post-37983","1":"post","2":"type-post","3":"status-publish","4":"format-standard","5":"has-post-thumbnail","7":"category-divertissement","8":"tag-commentaire","9":"tag-divertissement","10":"tag-entertainment","11":"tag-florent-pagny","12":"tag-fr","13":"tag-france","14":"tag-la-plus-belle-voix","15":"tag-nikos-aliagas","16":"tag-tf1","17":"tag-the-voice"},"share_on_mastodon":{"url":"https:\/\/pubeurope.com\/@fr\/114368395588313783","error":""},"_links":{"self":[{"href":"https:\/\/www.europesays.com\/fr\/wp-json\/wp\/v2\/posts\/37983","targetHints":{"allow":["GET"]}}],"collection":[{"href":"https:\/\/www.europesays.com\/fr\/wp-json\/wp\/v2\/posts"}],"about":[{"href":"https:\/\/www.europesays.com\/fr\/wp-json\/wp\/v2\/types\/post"}],"author":[{"embeddable":true,"href":"https:\/\/www.europesays.com\/fr\/wp-json\/wp\/v2\/users\/2"}],"replies":[{"embeddable":true,"href":"https:\/\/www.europesays.com\/fr\/wp-json\/wp\/v2\/comments?post=37983"}],"version-history":[{"count":0,"href":"https:\/\/www.europesays.com\/fr\/wp-json\/wp\/v2\/posts\/37983\/revisions"}],"wp:featuredmedia":[{"embeddable":true,"href":"https:\/\/www.europesays.com\/fr\/wp-json\/wp\/v2\/media\/37984"}],"wp:attachment":[{"href":"https:\/\/www.europesays.com\/fr\/wp-json\/wp\/v2\/media?parent=37983"}],"wp:term":[{"taxonomy":"category","embeddable":true,"href":"https:\/\/www.europesays.com\/fr\/wp-json\/wp\/v2\/categories?post=37983"},{"taxonomy":"post_tag","embeddable":true,"href":"https:\/\/www.europesays.com\/fr\/wp-json\/wp\/v2\/tags?post=37983"}],"curies":[{"name":"wp","href":"https:\/\/api.w.org\/{rel}","templated":true}]}}