{"id":379834,"date":"2025-09-10T08:38:14","date_gmt":"2025-09-10T08:38:14","guid":{"rendered":"https:\/\/www.europesays.com\/fr\/379834\/"},"modified":"2025-09-10T08:38:14","modified_gmt":"2025-09-10T08:38:14","slug":"le-clan-de-laporta-a-contacte-leo-messi","status":"publish","type":"post","link":"https:\/\/www.europesays.com\/fr\/379834\/","title":{"rendered":"le clan de Laporta a contact\u00e9 Leo Messi"},"content":{"rendered":"<p>2026 sera l\u2019ann\u00e9e du dernier Mondial de Leo Messi, 20 ans apr\u00e8s le premier. C\u2019est aussi une ann\u00e9e d\u2019\u00e9lections au <a href=\"https:\/\/www.footmercato.net\/club\/fc-barcelone\/\" target=\"_blank\" rel=\"noopener\">FC Barcelone<\/a> o\u00f9 l\u2019Argentin est d\u2019ores et d\u00e9j\u00e0 sollicit\u00e9. La <a href=\"https:\/\/cadenaser.com\/nacional\/2025\/09\/09\/leo-messi-pendiente-de-las-elecciones-del-barca-cadena-ser\/\" target=\"_blank\" rel=\"noopener\">Cadena Ser<\/a> r\u00e9v\u00e8le que la Pulga a \u00e9t\u00e9 contact\u00e9e par l\u2019\u00e9quipe de Joan Laporta pour y prendre part, de pr\u00e8s ou de loin. Il est encore un peu t\u00f4t pour en savoir plus, surtout que l\u2019Argentin n\u2019a pas encore donn\u00e9 sa r\u00e9ponse.<\/p>\n<p>            La suite apr\u00e8s cette publicit\u00e9<\/p>\n<p>N\u00e9anmoins, il n\u2019a pas exclu d\u2019apporter son soutien au pr\u00e9sident sortant du Bar\u00e7a. Il s\u2019agit aussi pour la star aux 8 Ballons d\u2019Or de se rapprocher de son club de (presque) toujours, lui qui en est parti par la petite porte, sans c\u00e9r\u00e9monie d\u2019adieu devant ses supporters. En militant en faveur de Laporta, il ferait son grand retour dans les affaires courantes des Blaugranas, alors que sa retraite sportive se profile doucement.<\/p>\n<p>\n    Pub. le 10\/09\/2025 07:48<br \/>\n            &#8211; MAJ le 10\/09\/2025 10:21\n    <\/p>\n","protected":false},"excerpt":{"rendered":"2026 sera l\u2019ann\u00e9e du dernier Mondial de Leo Messi, 20 ans apr\u00e8s le premier. C\u2019est aussi une ann\u00e9e&hellip;\n","protected":false},"author":2,"featured_media":379835,"comment_status":"","ping_status":"","sticky":false,"template":"","format":"standard","meta":{"footnotes":""},"categories":[1410],"tags":[63,1011,27,60],"class_list":{"0":"post-379834","1":"post","2":"type-post","3":"status-publish","4":"format-standard","5":"has-post-thumbnail","7":"category-football","8":"tag-football","9":"tag-fr","10":"tag-france","11":"tag-sports"},"share_on_mastodon":{"url":"https:\/\/pubeurope.com\/@fr\/115179100884776891","error":""},"_links":{"self":[{"href":"https:\/\/www.europesays.com\/fr\/wp-json\/wp\/v2\/posts\/379834","targetHints":{"allow":["GET"]}}],"collection":[{"href":"https:\/\/www.europesays.com\/fr\/wp-json\/wp\/v2\/posts"}],"about":[{"href":"https:\/\/www.europesays.com\/fr\/wp-json\/wp\/v2\/types\/post"}],"author":[{"embeddable":true,"href":"https:\/\/www.europesays.com\/fr\/wp-json\/wp\/v2\/users\/2"}],"replies":[{"embeddable":true,"href":"https:\/\/www.europesays.com\/fr\/wp-json\/wp\/v2\/comments?post=379834"}],"version-history":[{"count":0,"href":"https:\/\/www.europesays.com\/fr\/wp-json\/wp\/v2\/posts\/379834\/revisions"}],"wp:featuredmedia":[{"embeddable":true,"href":"https:\/\/www.europesays.com\/fr\/wp-json\/wp\/v2\/media\/379835"}],"wp:attachment":[{"href":"https:\/\/www.europesays.com\/fr\/wp-json\/wp\/v2\/media?parent=379834"}],"wp:term":[{"taxonomy":"category","embeddable":true,"href":"https:\/\/www.europesays.com\/fr\/wp-json\/wp\/v2\/categories?post=379834"},{"taxonomy":"post_tag","embeddable":true,"href":"https:\/\/www.europesays.com\/fr\/wp-json\/wp\/v2\/tags?post=379834"}],"curies":[{"name":"wp","href":"https:\/\/api.w.org\/{rel}","templated":true}]}}