{"id":379836,"date":"2025-09-10T08:39:11","date_gmt":"2025-09-10T08:39:11","guid":{"rendered":"https:\/\/www.europesays.com\/fr\/379836\/"},"modified":"2025-09-10T08:39:11","modified_gmt":"2025-09-10T08:39:11","slug":"jean-jacques-goldman-apercu-cet-ete-a-soulac-sur-mer-et-au-club-med-de-la-palmyre","status":"publish","type":"post","link":"https:\/\/www.europesays.com\/fr\/379836\/","title":{"rendered":"Jean-Jacques Goldman aper\u00e7u cet \u00e9t\u00e9 \u00e0 Soulac-sur-Mer et au Club Med de La Palmyre"},"content":{"rendered":"<p> \u00abUne rencontre lunaire, inspirante, et grav\u00e9e \u00e0 jamais dans nos m\u00e9moires.\u00a0\u00bb Ceux qui ont eu la chance de le croiser cet \u00e9t\u00e9 n\u2019en reviennent toujours pas, \u00e0 en croire des t\u00e9moignages post\u00e9s sur les <a href=\"https:\/\/www.20minutes.fr\/dossier\/reseaux_sociaux\" class=\"c-link c-link--is-underlined\" rel=\"nofollow noopener\" target=\"_blank\">r\u00e9seaux sociaux<\/a>.<\/p>\n<p><a href=\"https:\/\/www.20minutes.fr\/dossier\/jean-jacques-goldman\" class=\"c-link c-link--is-underlined\" rel=\"nofollow noopener\" target=\"_blank\">Jean-Jacques Goldman<\/a>, qui reste la personnalit\u00e9 pr\u00e9f\u00e9r\u00e9e des Fran\u00e7ais, a pass\u00e9 plusieurs jours au Club Med de La Palmyre, aux Mathes (<a href=\"https:\/\/www.20minutes.fr\/dossier\/charente-maritime\" class=\"c-link c-link--is-underlined\" rel=\"nofollow noopener\" target=\"_blank\">Charente-Maritime<\/a>), nous apprend <a href=\"https:\/\/www.sudouest.fr\/charente-maritime\/royan\/charente-maritime-quand-jean-jacques-goldman-vient-passer-ses-vacances-au-club-med-de-la-palmyre-25815632.php\" rel=\"nofollow noopener\" target=\"_blank\" class=\"c-link c-link--is-underlined\">Sud Ouest<\/a>. Ce n\u2019est pas la premi\u00e8re fois que l\u2019auteur-compositeur y pose ses valises pour un s\u00e9jour estival, mais cela reste un \u00e9v\u00e9nement.<\/p>\n<p>\u00ab\u00a0Un grand monsieur discret\u00a0!\u00a0\u00bb<\/p>\n<p>L\u2019artiste avait \u00e9galement \u00e9t\u00e9 vu d\u00e9but ao\u00fbt de l\u2019autre c\u00f4t\u00e9 de l\u2019estuaire, dans la station baln\u00e9aire de Soulac-sur-Mer (<a href=\"https:\/\/www.20minutes.fr\/dossier\/gironde\" class=\"c-link c-link--is-underlined\" rel=\"nofollow noopener\" target=\"_blank\">Gironde<\/a>). L\u2019\u00e9quipe du restaurant \u00ab\u00a0Les chiens fous\u00a0\u00bb a post\u00e9 une photo d\u2019elle avec le chanteur, datant du 3\u00a0ao\u00fbt.<\/p>\n<p><img decoding=\"async\" alt=\"L'\u00e9quipe du restaurant Les Chiens Fous avec Jean-Jacques Goldman.\" class=\"c-img\" loading=\"lazy\" fetchpriority=\"auto\" width=\"718\"  src=\"https:\/\/img.20mn.fr\/1NZYXg03RMaZr8QYI6SQ9yk\/718x0\" \/>L&rsquo;\u00e9quipe du restaurant Les Chiens Fous avec Jean-Jacques Goldman.\u2002-\u00a0Facebook Les Cheins Fous<\/p>\n<p>\u00ab\u00a0Une bien belle visite d\u2019un grand monsieur discret qui ne s\u2019affiche pas devant sur la photo\u00a0!\u00a0\u00bb a comment\u00e9 un membre de l\u2019\u00e9quipe du restaurant. La discr\u00e9tion de l\u2019artiste semble toujours faire l\u2019unanimit\u00e9 chez les Fran\u00e7ais.<\/p>\n","protected":false},"excerpt":{"rendered":"\u00abUne rencontre lunaire, inspirante, et grav\u00e9e \u00e0 jamais dans nos m\u00e9moires.\u00a0\u00bb Ceux qui ont eu la chance de&hellip;\n","protected":false},"author":2,"featured_media":379837,"comment_status":"","ping_status":"","sticky":false,"template":"","format":"standard","meta":{"footnotes":""},"categories":[1359],"tags":[3177,1997,2218,58,59,1011,27,2905,7195,2219,973,2220,51313],"class_list":{"0":"post-379836","1":"post","2":"type-post","3":"status-publish","4":"format-standard","5":"has-post-thumbnail","7":"category-people","8":"tag-aquitaine","9":"tag-bordeaux","10":"tag-charente-maritime","11":"tag-divertissement","12":"tag-entertainment","13":"tag-fr","14":"tag-france","15":"tag-gironde","16":"tag-jean-jacques-goldman","17":"tag-nouvelle-aquitaine","18":"tag-people","19":"tag-poitou-charentes","20":"tag-royan"},"share_on_mastodon":{"url":"https:\/\/pubeurope.com\/@fr\/115179105048327284","error":""},"_links":{"self":[{"href":"https:\/\/www.europesays.com\/fr\/wp-json\/wp\/v2\/posts\/379836","targetHints":{"allow":["GET"]}}],"collection":[{"href":"https:\/\/www.europesays.com\/fr\/wp-json\/wp\/v2\/posts"}],"about":[{"href":"https:\/\/www.europesays.com\/fr\/wp-json\/wp\/v2\/types\/post"}],"author":[{"embeddable":true,"href":"https:\/\/www.europesays.com\/fr\/wp-json\/wp\/v2\/users\/2"}],"replies":[{"embeddable":true,"href":"https:\/\/www.europesays.com\/fr\/wp-json\/wp\/v2\/comments?post=379836"}],"version-history":[{"count":0,"href":"https:\/\/www.europesays.com\/fr\/wp-json\/wp\/v2\/posts\/379836\/revisions"}],"wp:featuredmedia":[{"embeddable":true,"href":"https:\/\/www.europesays.com\/fr\/wp-json\/wp\/v2\/media\/379837"}],"wp:attachment":[{"href":"https:\/\/www.europesays.com\/fr\/wp-json\/wp\/v2\/media?parent=379836"}],"wp:term":[{"taxonomy":"category","embeddable":true,"href":"https:\/\/www.europesays.com\/fr\/wp-json\/wp\/v2\/categories?post=379836"},{"taxonomy":"post_tag","embeddable":true,"href":"https:\/\/www.europesays.com\/fr\/wp-json\/wp\/v2\/tags?post=379836"}],"curies":[{"name":"wp","href":"https:\/\/api.w.org\/{rel}","templated":true}]}}