{"id":379842,"date":"2025-09-10T08:42:12","date_gmt":"2025-09-10T08:42:12","guid":{"rendered":"https:\/\/www.europesays.com\/fr\/379842\/"},"modified":"2025-09-10T08:42:12","modified_gmt":"2025-09-10T08:42:12","slug":"il-a-fallu-comprendre-comment-fonctionne-une-anesthesie","status":"publish","type":"post","link":"https:\/\/www.europesays.com\/fr\/379842\/","title":{"rendered":"\u00ab\u00a0Il a fallu comprendre comment fonctionne une anesth\u00e9sie\u00a0\u00bb"},"content":{"rendered":"<p>                         <img loading=\"lazy\" decoding=\"async\" src=\"https:\/\/www.europesays.com\/fr\/wp-content\/uploads\/2025\/09\/f5b866a_ftp-import-images-1-7od5hxyzqc7j-5839291-01-06.jpg\" alt=\"L\u2019ex-anesth\u00e9siste Fr\u00e9d\u00e9ric P\u00e9chier arrive \u00e0 la cour d\u2019assises du Doubs, \u00e0 Besan\u00e7on, le 9\u00a0septembre\u00a02025.\"   width=\"664\" height=\"443\"\/>    L\u2019ex-anesth\u00e9siste Fr\u00e9d\u00e9ric P\u00e9chier arrive \u00e0 la cour d\u2019assises du Doubs, \u00e0 Besan\u00e7on, le 9\u00a0septembre\u00a02025.  SEBASTIEN BOZON\/AFP                 <\/p>\n<p class=\"article__paragraph  \">Le premier des 155 t\u00e9moins convoqu\u00e9s \u00e0 la barre du proc\u00e8s de Fr\u00e9d\u00e9ric P\u00e9chier s\u2019appelle Olivier Verguet, il est chef de la brigade criminelle au service interd\u00e9partemental de la police judiciaire de Besan\u00e7on, c\u2019est lui qui a dirig\u00e9 l\u2019enqu\u00eate sur les myst\u00e9rieux empoisonnements ayant frapp\u00e9 la clinique Saint-Vincent, o\u00f9 officiait l\u2019ancien anesth\u00e9siste. \u00ab\u00a0Je n\u2019imaginais pas l\u2019ampleur de la t\u00e2che qui allait \u00eatre la n\u00f4tre\u00a0\u00bb, a-t-il d\u00e9but\u00e9, un peu \u00e9mu. C\u2019est l\u2019affaire de sa vie.<\/p>\n<p>                                   Lire aussi le r\u00e9cit |  Article r\u00e9serv\u00e9 \u00e0 nos abonn\u00e9s  <a href=\"https:\/\/www.lemonde.fr\/societe\/article\/2025\/09\/08\/frederic-pechier-martele-son-innocence-a-l-ouverture-de-son-proces-je-n-ai-jamais-empoisonne-quelqu-un-je-n-ai-jamais-empoisonne-de-poche_6640030_3224.html\" class=\"js-article-read-also catcher--favoris__link\" data-premium=\"1\" id=\"article-title-3437195\" target=\"_blank\" rel=\"noopener\">Fr\u00e9d\u00e9ric P\u00e9chier mart\u00e8le son innocence \u00e0\u00a0l\u2019ouverture de\u00a0son proc\u00e8s\u00a0: \u00ab\u00a0Je\u00a0n\u2019ai jamais empoisonn\u00e9 quelqu\u2019un, je\u00a0n\u2019ai jamais empoisonn\u00e9 de\u00a0poche\u00a0\u00bb<\/a>    <\/p>\n<p>   Lire plus tard  <\/p>\n<p class=\"article__paragraph  \">Avant que la cour d\u2019assises du Doubs n\u2019\u00e9tudie, cas par cas, les 30 empoisonnements, dont 12 mortels, reproch\u00e9s \u00e0 l\u2019ancien anesth\u00e9siste, Olivier Verguet est venu raconter, mardi 9\u00a0septembre, les grandes lignes et les \u00ab\u00a0\u00e9cueils\u00a0\u00bb de cette enqu\u00eate \u00ab\u00a0inhabituelle\u00a0\u00bb, o\u00f9 la sc\u00e8ne de crime est un bloc op\u00e9ratoire et les armes des m\u00e9dicaments. \u00ab\u00a0Le milieu m\u00e9dical n\u2019est pas facile \u00e0 appr\u00e9hender au premier abord\u00a0\u00bb, a-t-il convenu. Il a fallu partir d\u2019\u00e0 peu pr\u00e8s z\u00e9ro.<\/p>\n<p class=\"article__paragraph  \">\u00ab\u00a0Il a fallu absorber le vocabulaire, comprendre comment fonctionne une anesth\u00e9sie, quel type de m\u00e9dicaments pouvait \u00eatre utilis\u00e9, quels d\u00e9g\u00e2ts \u00e7a pouvait occasionner.\u00a0\u00bb Olivier Verguet l\u2019admet humblement, ses coll\u00e8gues et lui ont d\u2019abord \u00e9t\u00e9 largu\u00e9s. Lors de sa premi\u00e8re garde \u00e0 vue, Fr\u00e9d\u00e9ric P\u00e9chier pouvait leur raconter ce qu\u2019il voulait\u00a0: \u00ab\u00a0On \u00e9tait incapables de rebondir sur ses r\u00e9ponses.\u00a0\u00bb<\/p>\n<p class=\"reading-mode-only \"><strong>Il vous reste 82.18% de cet article \u00e0 lire. La suite est r\u00e9serv\u00e9e aux abonn\u00e9s.<\/strong><\/p>\n","protected":false},"excerpt":{"rendered":"L\u2019ex-anesth\u00e9siste Fr\u00e9d\u00e9ric P\u00e9chier arrive \u00e0 la cour d\u2019assises du Doubs, \u00e0 Besan\u00e7on, le 9\u00a0septembre\u00a02025. SEBASTIEN BOZON\/AFP Le premier&hellip;\n","protected":false},"author":2,"featured_media":379843,"comment_status":"","ping_status":"","sticky":false,"template":"","format":"standard","meta":{"footnotes":""},"categories":[1356],"tags":[58,59,1011,27,252,1364],"class_list":{"0":"post-379842","1":"post","2":"type-post","3":"status-publish","4":"format-standard","5":"has-post-thumbnail","7":"category-television","8":"tag-divertissement","9":"tag-entertainment","10":"tag-fr","11":"tag-france","12":"tag-television","13":"tag-tv"},"share_on_mastodon":{"url":"https:\/\/pubeurope.com\/@fr\/115179116663243237","error":""},"_links":{"self":[{"href":"https:\/\/www.europesays.com\/fr\/wp-json\/wp\/v2\/posts\/379842","targetHints":{"allow":["GET"]}}],"collection":[{"href":"https:\/\/www.europesays.com\/fr\/wp-json\/wp\/v2\/posts"}],"about":[{"href":"https:\/\/www.europesays.com\/fr\/wp-json\/wp\/v2\/types\/post"}],"author":[{"embeddable":true,"href":"https:\/\/www.europesays.com\/fr\/wp-json\/wp\/v2\/users\/2"}],"replies":[{"embeddable":true,"href":"https:\/\/www.europesays.com\/fr\/wp-json\/wp\/v2\/comments?post=379842"}],"version-history":[{"count":0,"href":"https:\/\/www.europesays.com\/fr\/wp-json\/wp\/v2\/posts\/379842\/revisions"}],"wp:featuredmedia":[{"embeddable":true,"href":"https:\/\/www.europesays.com\/fr\/wp-json\/wp\/v2\/media\/379843"}],"wp:attachment":[{"href":"https:\/\/www.europesays.com\/fr\/wp-json\/wp\/v2\/media?parent=379842"}],"wp:term":[{"taxonomy":"category","embeddable":true,"href":"https:\/\/www.europesays.com\/fr\/wp-json\/wp\/v2\/categories?post=379842"},{"taxonomy":"post_tag","embeddable":true,"href":"https:\/\/www.europesays.com\/fr\/wp-json\/wp\/v2\/tags?post=379842"}],"curies":[{"name":"wp","href":"https:\/\/api.w.org\/{rel}","templated":true}]}}