{"id":379844,"date":"2025-09-10T08:43:10","date_gmt":"2025-09-10T08:43:10","guid":{"rendered":"https:\/\/www.europesays.com\/fr\/379844\/"},"modified":"2025-09-10T08:43:10","modified_gmt":"2025-09-10T08:43:10","slug":"louane-revele-etre-atteinte-de-pondylarthrite-ankylosante","status":"publish","type":"post","link":"https:\/\/www.europesays.com\/fr\/379844\/","title":{"rendered":"Louane r\u00e9v\u00e8le \u00eatre atteinte de \u00ab\u00a0pondylarthrite ankylosante\u00a0\u00bb"},"content":{"rendered":"<p>La chanteuse a confi\u00e9 souffrir d&rsquo;une maladie auto-immune qui cause une inflammation chronique des articulations.<\/p>\n<p>Interrog\u00e9e dans le podcast <a href=\"https:\/\/www.youtube.com\/watch?v=ugS1rRG4MAo\" target=\"_blank\" class=\"external_link\" rel=\"nofollow noopener\">Alice Underground<\/a> de la photographe Alice Moiti\u00e9, la chanteuse <a href=\"https:\/\/www.bfmtv.com\/people\/musique\/je-m-attendais-a-faire-mieux-louane-revient-aupres-de-bfmtv-sur-sa-7e-place-a-l-eurovision_AV-202505210830.html\" title=\"&quot;J&#039;\u00e9tais trop d\u00e9\u00e7ue. Je m&#039;attendais \u00e0 faire mieux&quot;: Louane revient aupr\u00e8s de BFMTV sur sa 7e place \u00e0 l&#039;Eurovision\" class=\"internal_link\" rel=\"nofollow noopener\" target=\"_blank\">Louane<\/a> a r\u00e9v\u00e9l\u00e9 \u00eatre atteinte de \u00ab\u00a0pondylarthrite ankylosante\u00a0\u00bb, une pathologie qui la fait souffrir au quotidien.<\/p>\n<p>Cette \u00ab\u00a0maladie auto-immune d\u00e9g\u00e9n\u00e9rative\u00a0\u00bb cause une inflammation chronique des articulations. L&rsquo;artiste, qui a repr\u00e9sent\u00e9 la France au <a href=\"https:\/\/www.bfmtv.com\/people\/musique\/je-suis-une-femme-tellement-chanceuse-louane-reagit-au-lendemain-de-sa-7e-place-a-l-eurovision_AN-202505180336.html\" title=\"&quot;Je suis une femme tellement chanceuse&quot;: Louane sort du silence au lendemain de sa 7e place \u00e0 l&#039;Eurovision\" class=\"internal_link\" rel=\"nofollow noopener\" target=\"_blank\">concours de l&rsquo;Eurovision<\/a> en mai dernier, indique ainsi avoir r\u00e9guli\u00e8rement des \u00ab\u00a0crises\u00a0\u00bb qui l&rsquo;handicapent.<\/p>\n<blockquote class=\"embed embed_quote\"><p>\u00ab\u00a0\u00c7a fait vraiment longtemps que je n&rsquo;ai pas eu une vraie crise o\u00f9 je ne peux pas marcher. \u00c7a ne m&rsquo;est pas arriv\u00e9 depuis un moment, un an au moins. La derni\u00e8re fois que \u00e7a m&rsquo;est arriv\u00e9 c\u2019\u00e9tait en tourn\u00e9e l\u2019ann\u00e9e derni\u00e8re sur les festivals\u00a0\u00bb, pr\u00e9cise-t-elle.<\/p><\/blockquote>\n<p>\u00ab\u00a0Pas de r\u00e9\u00e9ducation possible\u00a0\u00bb<\/p>\n<p>Selon le site <a href=\"https:\/\/www.ameli.fr\/assure\/sante\/themes\/spondylarthrite-ankylosante\/definition-facteurs-favorisants\" target=\"_blank\" class=\"external_link\" rel=\"nofollow noopener\">d&rsquo;Ameli<\/a>, environ 180.000 personnes souffrent de spondylarthrite ankylosante en France, soit 0,3% de la population fran\u00e7aise. Cette maladie est reconnue comme un handicap \u00ab\u00a0invisible\u00a0\u00bb, \u00e0 l\u2019instar de l\u2019endom\u00e9triose.<\/p>\n<p>Louane explique qu&rsquo;il n&rsquo;y a cependant \u00ab\u00a0pas de r\u00e9\u00e9ducation possible\u00a0\u00bb contre cette pathologie. Seule solution: \u00ab\u00a0beaucoup d\u2019anti-inflammatoires ou alors c\u2019est plus compliqu\u00e9, genre des anti-TNF alpha\u00a0\u00bb.<\/p>\n<blockquote class=\"embed embed_quote\"><p>\u00ab\u00a0C\u2019est un peu intense ou dans certains cas compliqu\u00e9s ce sont des infiltrations. \u00c7a, c\u2019est horrible. C\u2019est genre des aiguilles comme \u00e7a qu\u2019on te met dans le dos pour aller jusqu\u2019\u00e0 tes articulations. Moi, c\u2019est axial. J\u2019en ai dans les genoux, dans les chevilles, dans les poignets\u2026 Donc j\u2019ai mal tout le temps\u00a0\u00bb, confie-t-elle.<\/p><\/blockquote>\n<p>Pour soulager ces douleurs, la chanteuse a donc d\u00fb trouver des alternatives. \u00ab\u00a0Je fais attention \u00e0 ce que je mange pour que \u00e7a ne soit pas trop inflammatoire et je fais beaucoup de Pilates, \u00e7a aide vachement\u00a0\u00bb, assure-t-elle. Et de conclure: \u00ab\u00a0je m\u2019en sors de mieux en mieux\u00a0\u00bb.<\/p>\n","protected":false},"excerpt":{"rendered":"La chanteuse a confi\u00e9 souffrir d&rsquo;une maladie auto-immune qui cause une inflammation chronique des articulations. Interrog\u00e9e dans le&hellip;\n","protected":false},"author":2,"featured_media":379845,"comment_status":"","ping_status":"","sticky":false,"template":"","format":"standard","meta":{"footnotes":""},"categories":[1355],"tags":[58,59,1011,27,1361,873],"class_list":{"0":"post-379844","1":"post","2":"type-post","3":"status-publish","4":"format-standard","5":"has-post-thumbnail","7":"category-musique","8":"tag-divertissement","9":"tag-entertainment","10":"tag-fr","11":"tag-france","12":"tag-music","13":"tag-musique"},"share_on_mastodon":{"url":"https:\/\/pubeurope.com\/@fr\/115179120466689092","error":""},"_links":{"self":[{"href":"https:\/\/www.europesays.com\/fr\/wp-json\/wp\/v2\/posts\/379844","targetHints":{"allow":["GET"]}}],"collection":[{"href":"https:\/\/www.europesays.com\/fr\/wp-json\/wp\/v2\/posts"}],"about":[{"href":"https:\/\/www.europesays.com\/fr\/wp-json\/wp\/v2\/types\/post"}],"author":[{"embeddable":true,"href":"https:\/\/www.europesays.com\/fr\/wp-json\/wp\/v2\/users\/2"}],"replies":[{"embeddable":true,"href":"https:\/\/www.europesays.com\/fr\/wp-json\/wp\/v2\/comments?post=379844"}],"version-history":[{"count":0,"href":"https:\/\/www.europesays.com\/fr\/wp-json\/wp\/v2\/posts\/379844\/revisions"}],"wp:featuredmedia":[{"embeddable":true,"href":"https:\/\/www.europesays.com\/fr\/wp-json\/wp\/v2\/media\/379845"}],"wp:attachment":[{"href":"https:\/\/www.europesays.com\/fr\/wp-json\/wp\/v2\/media?parent=379844"}],"wp:term":[{"taxonomy":"category","embeddable":true,"href":"https:\/\/www.europesays.com\/fr\/wp-json\/wp\/v2\/categories?post=379844"},{"taxonomy":"post_tag","embeddable":true,"href":"https:\/\/www.europesays.com\/fr\/wp-json\/wp\/v2\/tags?post=379844"}],"curies":[{"name":"wp","href":"https:\/\/api.w.org\/{rel}","templated":true}]}}