{"id":379846,"date":"2025-09-10T08:44:11","date_gmt":"2025-09-10T08:44:11","guid":{"rendered":"https:\/\/www.europesays.com\/fr\/379846\/"},"modified":"2025-09-10T08:44:11","modified_gmt":"2025-09-10T08:44:11","slug":"un-graindemais-dans-la-chaussure-dasterix-contraint-de-recommencer-ses-12-travaux-au-cinema","status":"publish","type":"post","link":"https:\/\/www.europesays.com\/fr\/379846\/","title":{"rendered":"Un Graindema\u00efs dans la chaussure d&rsquo;Ast\u00e9rix, contraint de recommencer ses 12 travaux au cin\u00e9ma"},"content":{"rendered":"<p class=\"text-left ap-StoryElement ap-StoryElement--mb ap-StoryText\">Cette fois, c&rsquo;est en \u00ab\u00a0live\u00a0\u00bb qu&rsquo;il faudra r\u00e9\u00e9diter ces exploits, comme, notamment, d\u00e9guster les innombrables repas pr\u00e9par\u00e9s par Mannekenpix le Belge. Et apr\u00e8s avoir incarn\u00e9 Graindema\u00efs dans Ast\u00e9rix et Ob\u00e9lix : l&#8217;empire du Milieu de Guillaume Canet, c&rsquo;est Jonathan Cohen qui se chargera de les mettre en images. Un choix \u00e9tonnant dans la mesure o\u00f9 il n&rsquo;avait sign\u00e9, jusqu&rsquo;\u00e0 pr\u00e9sent, que des \u00e9pisodes des s\u00e9ries La flamme et Le flambeau. Or, les films Ast\u00e9rix font partie des grosses superproductions fran\u00e7aises, avec des budgets et des castings impressionnants, donc oblig\u00e9es de faire un tabac en salle. Avec ses 7,1 millions d&rsquo;entr\u00e9es, Guillaume Canet s&rsquo;\u00e9tait fait \u00e9reinter par la critique, jugeant le r\u00e9sultat insatisfaisant. Un fameux d\u00e9fi, donc, pour Jonathan Cohen, d&rsquo;autant qu&rsquo;il subira aussi la comparaison avec le film d&rsquo;animation de 1976 et avec le meilleur des Ast\u00e9rix jusqu&rsquo;\u00e0 pr\u00e9sent, tourn\u00e9 par Alain Chabat.<\/p>\n<p class=\"ap-StoryElement ap-StoryElement--mb ap-StoryText\">On ignore si Jonathan Cohen reprendra lui-m\u00eame le r\u00f4le d&rsquo;Ast\u00e9rix ou s&rsquo;il tentera de convaincre le duo Canet-Lellouche de reprendre du service. Le tournage ne devrait d\u00e9buter que l&rsquo;an prochain, pour une sortie en 2027 ou 2028.<\/p>\n","protected":false},"excerpt":{"rendered":"Cette fois, c&rsquo;est en \u00ab\u00a0live\u00a0\u00bb qu&rsquo;il faudra r\u00e9\u00e9diter ces exploits, comme, notamment, d\u00e9guster les innombrables repas pr\u00e9par\u00e9s par&hellip;\n","protected":false},"author":2,"featured_media":379847,"comment_status":"","ping_status":"","sticky":false,"template":"","format":"standard","meta":{"footnotes":""},"categories":[1354],"tags":[5331,14103,13153,650,58,59,1346,1011,27,51316,1360,51315],"class_list":{"0":"post-379846","1":"post","2":"type-post","3":"status-publish","4":"format-standard","5":"has-post-thumbnail","7":"category-films","8":"tag-adaptation","9":"tag-asterix","10":"tag-bande-dessinee","11":"tag-cinema","12":"tag-divertissement","13":"tag-entertainment","14":"tag-films","15":"tag-fr","16":"tag-france","17":"tag-jonathan-cohen","18":"tag-movies","19":"tag-obelix"},"share_on_mastodon":{"url":"https:\/\/pubeurope.com\/@fr\/115179124774988654","error":""},"_links":{"self":[{"href":"https:\/\/www.europesays.com\/fr\/wp-json\/wp\/v2\/posts\/379846","targetHints":{"allow":["GET"]}}],"collection":[{"href":"https:\/\/www.europesays.com\/fr\/wp-json\/wp\/v2\/posts"}],"about":[{"href":"https:\/\/www.europesays.com\/fr\/wp-json\/wp\/v2\/types\/post"}],"author":[{"embeddable":true,"href":"https:\/\/www.europesays.com\/fr\/wp-json\/wp\/v2\/users\/2"}],"replies":[{"embeddable":true,"href":"https:\/\/www.europesays.com\/fr\/wp-json\/wp\/v2\/comments?post=379846"}],"version-history":[{"count":0,"href":"https:\/\/www.europesays.com\/fr\/wp-json\/wp\/v2\/posts\/379846\/revisions"}],"wp:featuredmedia":[{"embeddable":true,"href":"https:\/\/www.europesays.com\/fr\/wp-json\/wp\/v2\/media\/379847"}],"wp:attachment":[{"href":"https:\/\/www.europesays.com\/fr\/wp-json\/wp\/v2\/media?parent=379846"}],"wp:term":[{"taxonomy":"category","embeddable":true,"href":"https:\/\/www.europesays.com\/fr\/wp-json\/wp\/v2\/categories?post=379846"},{"taxonomy":"post_tag","embeddable":true,"href":"https:\/\/www.europesays.com\/fr\/wp-json\/wp\/v2\/tags?post=379846"}],"curies":[{"name":"wp","href":"https:\/\/api.w.org\/{rel}","templated":true}]}}