{"id":379850,"date":"2025-09-10T08:46:10","date_gmt":"2025-09-10T08:46:10","guid":{"rendered":"https:\/\/www.europesays.com\/fr\/379850\/"},"modified":"2025-09-10T08:46:10","modified_gmt":"2025-09-10T08:46:10","slug":"ligue-1-lfp-dautres-clubs-contestataires-avec-lens-et-lom","status":"publish","type":"post","link":"https:\/\/www.europesays.com\/fr\/379850\/","title":{"rendered":"Ligue 1 &#8211; LFP : d\u2019autres clubs contestataires avec Lens et l\u2019OM ?"},"content":{"rendered":"<p><strong><\/p>\n<p>Lens et l\u2019OM ont manifest\u00e9 leur m\u00e9contentement concernant le mode de gestion actuel de la LFP. D\u2019autres clubs pourraient les appuyer.<\/p>\n<p><\/strong><\/p>\n<p>En fin de semaine, <a href=\"https:\/\/www.footmarseille.com\/129217-pourquoi-mccourt-a-change-de-position-vis-a-vis-de-la-lfp\" target=\"_blank\" rel=\"noopener\">Frank McCourt a renvers\u00e9 la table<\/a> et rejoint Joseph Oughourlian dans ses critiques contre la LFP et Vincent Labrune, et indirectement Nasser Al-Khela\u00effi. Leur interview commune a constitu\u00e9 une premi\u00e8re \u00e9tape dans l\u2019optique de faire partir le pr\u00e9sident de la Ligue.<\/p>\n<p>Dans son \u00e9dition du jour, L\u2019\u00c9quipe pr\u00e9cise que d\u2019autres clubs sont sensibles aux arguments des deux propri\u00e9taires. Selon ses informations, <strong>Lyon et Rennes pourraient notamment se d\u00e9clarer dans la mouvance Lens-OM<\/strong>.<\/p>\n<p>Les deux formations seraient m\u00e9contentes des promesses non tenues en termes de droits TV, qui ont g\u00e9n\u00e9r\u00e9 une \u00e9norme baisse des recettes pour les clubs. Le train de vie de la Ligue resterait dans le collimateur. Nicolas de Tavernost percevrait 1,1 million d\u2019euros par an, avec 400 000 euros de primes possibles\u2026<\/p>\n<p>La d\u00e9signation de Victoriano Melero (directeur g\u00e9n\u00e9ral du PSG) au poste de pr\u00e9sident de Foot Unis, le syndicat des clubs, aurait \u00e9galement fait r\u00e9agir. Elle permet au PSG de b\u00e9n\u00e9ficier de deux voix au conseil d\u2019administration.<\/p>\n<p>Une assembl\u00e9e g\u00e9n\u00e9rale est pr\u00e9vue cet apr\u00e8s-midi. Elle permettra le <strong>remplacement de trois sortants du conseil d\u2019administration<\/strong> (Jean-Pierre Caillot, Damien Comolli et Jean-Pierre Riv\u00e8re). Fabrice Bocquet (Nice), Lo\u00efc F\u00e9ry (Lorient), Waldemar Kita (Nantes) et Jean-Michel Roussier (Le Havre) sont candidats pour les remplacer.<\/p>\n<p>L\u2019\u00e9lection de Roussier, opposant d\u00e9clar\u00e9 de Vincent Labrune, constituerait un message fort contre les dirigeants de la LFP.<\/p>\n","protected":false},"excerpt":{"rendered":"Lens et l\u2019OM ont manifest\u00e9 leur m\u00e9contentement concernant le mode de gestion actuel de la LFP. D\u2019autres clubs&hellip;\n","protected":false},"author":2,"featured_media":379851,"comment_status":"","ping_status":"","sticky":false,"template":"","format":"standard","meta":{"footnotes":""},"categories":[9],"tags":[1011,27,60],"class_list":{"0":"post-379850","1":"post","2":"type-post","3":"status-publish","4":"format-standard","5":"has-post-thumbnail","7":"category-sports","8":"tag-fr","9":"tag-france","10":"tag-sports"},"share_on_mastodon":{"url":"https:\/\/pubeurope.com\/@fr\/115179132398947335","error":""},"_links":{"self":[{"href":"https:\/\/www.europesays.com\/fr\/wp-json\/wp\/v2\/posts\/379850","targetHints":{"allow":["GET"]}}],"collection":[{"href":"https:\/\/www.europesays.com\/fr\/wp-json\/wp\/v2\/posts"}],"about":[{"href":"https:\/\/www.europesays.com\/fr\/wp-json\/wp\/v2\/types\/post"}],"author":[{"embeddable":true,"href":"https:\/\/www.europesays.com\/fr\/wp-json\/wp\/v2\/users\/2"}],"replies":[{"embeddable":true,"href":"https:\/\/www.europesays.com\/fr\/wp-json\/wp\/v2\/comments?post=379850"}],"version-history":[{"count":0,"href":"https:\/\/www.europesays.com\/fr\/wp-json\/wp\/v2\/posts\/379850\/revisions"}],"wp:featuredmedia":[{"embeddable":true,"href":"https:\/\/www.europesays.com\/fr\/wp-json\/wp\/v2\/media\/379851"}],"wp:attachment":[{"href":"https:\/\/www.europesays.com\/fr\/wp-json\/wp\/v2\/media?parent=379850"}],"wp:term":[{"taxonomy":"category","embeddable":true,"href":"https:\/\/www.europesays.com\/fr\/wp-json\/wp\/v2\/categories?post=379850"},{"taxonomy":"post_tag","embeddable":true,"href":"https:\/\/www.europesays.com\/fr\/wp-json\/wp\/v2\/tags?post=379850"}],"curies":[{"name":"wp","href":"https:\/\/api.w.org\/{rel}","templated":true}]}}