{"id":379852,"date":"2025-09-10T08:47:10","date_gmt":"2025-09-10T08:47:10","guid":{"rendered":"https:\/\/www.europesays.com\/fr\/379852\/"},"modified":"2025-09-10T08:47:10","modified_gmt":"2025-09-10T08:47:10","slug":"judith-godreche-mise-en-examen-dans-laffaire-jacques-doillon","status":"publish","type":"post","link":"https:\/\/www.europesays.com\/fr\/379852\/","title":{"rendered":"Judith Godr\u00e8che mise en examen dans l&rsquo;affaire Jacques Doillon"},"content":{"rendered":"<p>La plainte d\u00e9pos\u00e9e par Jacques Doillon \u00e0 l\u2019encontre de Judith Godr\u00e8che en novembre\u00a02024 a men\u00e9 l\u2019actrice \u00e0 \u00eatre mise en examen. Une information rapport\u00e9e par l\u2019actrice elle-m\u00eame ce mercredi 10\u00a0septembre sur Instagram.<\/p>\n<p>L\u2019actrice <a href=\"https:\/\/www.parismatch.com\/bio\/judith-godreche\" target=\"_blank\" rel=\"noopener\">Judith Godr\u00e8che<\/a> a r\u00e9v\u00e9l\u00e9 ce mercredi 10\u00a0septembre avoir \u00e9t\u00e9 mise en examen pour \u00ab\u00a0des propos comportant des all\u00e9gations ou imputations de faits susceptibles de porter atteinte \u00e0 l\u2019honneur ou \u00e0 la consid\u00e9ration de Monsieur JD.\u00a0\u00bb Sur son compte Instagram, comme \u00e0 son habitude depuis le d\u00e9but de l\u2019affaire Doillon, elle a fait part de son sentiment d\u2019injustice.<\/p>\n<p>L\u2019affaire remonte au mois de f\u00e9vrier\u00a02024, lorsque Judith Godr\u00e8che a accus\u00e9 publiquement\u00a0<a href=\"https:\/\/www.parismatch.com\/people\/judith-godreche-porte-plainte-contre-benoit-jacquot-37-ans-apres-leur-relation-234378\" target=\"_blank\" rel=\"noopener\">le cin\u00e9aste Beno\u00eet Jacquot de viols<\/a>, puis\u00a0<a href=\"https:\/\/www.parismatch.com\/people\/judith-godreche-accuse-jacques-doillon-davoir-abuse-delle-dans-son-adolescence-234416\" target=\"_blank\" rel=\"noopener\">Jacques Doillon d\u2019agression sexuelle<\/a>, entra\u00eenant un v\u00e9ritable raz de mar\u00e9e<a href=\"https:\/\/www.parismatch.com\/culture\/cinema\/judith-godreche-au-cesar-deux-mains-degueulasses-sur-ma-poitrine-de-15-ans-234928\" target=\"_blank\" rel=\"noopener\">\u00a0dans le #MeToo<\/a>\u00a0du cin\u00e9ma fran\u00e7ais. Sans attendre, une enqu\u00eate avait \u00e9t\u00e9 ouverte par le parquet de Paris pour viol sur mineur de 15\u00a0ans par personne ayant autorit\u00e9, viol, violences par concubin et agression sexuelle sur mineur de plus de 15\u00a0ans par personne ayant autorit\u00e9.<\/p>\n<p>    La suite apr\u00e8s cette publicit\u00e9<\/p>\n<p>\u00c0 cet effet, Beno\u00eet Jacquot et Jacques Doillon ont \u00e9t\u00e9\u00a0<a href=\"https:\/\/www.parismatch.com\/actu\/societe\/benoit-jacquot-et-jacques-doillon-restent-en-garde-vue-239178\" target=\"_blank\" rel=\"noopener\">entendus dans le cadre d\u2019une garde \u00e0 vue en juillet\u00a02024<\/a>\u00a0par la Brigade de protection des mineurs (BPM). S\u2019agissant du r\u00e9alisateur de \u00ab\u00a0Ponette\u00a0\u00bb, Judith Godr\u00e8che l\u2019a accus\u00e9 de\u00a0lui \u00ab\u00a0avoir mis les doigts dans la culotte\u00a0\u00bb pendant des essais pour un film sorti en 1989. Elle avait alors 15\u00a0ans et \u00e9tait\u00a0<a href=\"https:\/\/www.parismatch.com\/people\/judith-godreche-en-couple-14-ans-avec-benoit-jacquot-retour-sur-une-relation-abusive-233433\" target=\"_blank\" rel=\"noopener\">en couple avec Beno\u00eet Jacquot<\/a>.<\/p>\n<p>    La suite apr\u00e8s cette publicit\u00e9<\/p>\n<p>Des faits prescrits<\/p>\n<p>Face \u00e0 l\u2019anciennet\u00e9 des faits, l\u2019avocate de Jacques Doillon, Ma\u00eetre Marie Dos\u00e9, a mis en lumi\u00e8re le vice de proc\u00e9dure subi par son client dans le cadre de l\u2019audition. Jacques Doillon \u00ab\u00a0aurait d\u00fb \u00eatre entendu dans le cadre d\u2019une audition libre au vu de l\u2019anciennet\u00e9 des faits, de leur prescription acquise depuis plus de deux d\u00e9cennies, et de l\u2019in\u00e9luctable classement sans suite qui cl\u00f4turera cette enqu\u00eate\u00a0\u00bb.<\/p>\n<p>Le 19\u00a0novembre 2024, l\u2019actrice a indiqu\u00e9 sur son compte Instagram avoir re\u00e7u un \u00ab\u00a0avis pr\u00e9alable de mise en examen\u00a0\u00bb suite \u00e0\u00a0<a href=\"https:\/\/www.parismatch.com\/people\/accuse-dagression-sexuelle-par-judith-godreche-jacques-doillon-va-porter-plainte-pour-diffamation-234885\" target=\"_blank\" rel=\"noopener\">une plainte d\u00e9pos\u00e9e par le cin\u00e9aste Jacques Doillon<\/a>, qu\u2019elle accuse d\u2019agression sexuelle. Cette plainte a finalement \u00e9t\u00e9 examin\u00e9e par la justice qui, ce mercredi 10\u00a0septembre, a d\u00e9cid\u00e9 de mettre Judith Godr\u00e8che en examen\u00a0: \u00ab\u00a0D\u2019un c\u00f4t\u00e9, ma plainte contre lui se heurte \u00e0 la prescription. De l\u2019autre, pour sa plainte contre moi, la justice ne perd pas de temps.\u00a0\u00bb \u00c9c\u0153ur\u00e9e par la situation, elle interroge\u00a0: \u00ab\u00a0\u00c0 votre avis, \u00e7a encouragera les victimes \u00e0 d\u00e9noncer les violences qu\u2019elles ont subies, ou \u00e7a les dissuadera\u00a0?\u00a0\u00bb<\/p>\n","protected":false},"excerpt":{"rendered":"La plainte d\u00e9pos\u00e9e par Jacques Doillon \u00e0 l\u2019encontre de Judith Godr\u00e8che en novembre\u00a02024 a men\u00e9 l\u2019actrice \u00e0 \u00eatre&hellip;\n","protected":false},"author":2,"featured_media":379853,"comment_status":"","ping_status":"","sticky":false,"template":"","format":"standard","meta":{"footnotes":""},"categories":[8],"tags":[58,59,1011,27],"class_list":{"0":"post-379852","1":"post","2":"type-post","3":"status-publish","4":"format-standard","5":"has-post-thumbnail","7":"category-divertissement","8":"tag-divertissement","9":"tag-entertainment","10":"tag-fr","11":"tag-france"},"share_on_mastodon":{"url":"https:\/\/pubeurope.com\/@fr\/115179136269091719","error":""},"_links":{"self":[{"href":"https:\/\/www.europesays.com\/fr\/wp-json\/wp\/v2\/posts\/379852","targetHints":{"allow":["GET"]}}],"collection":[{"href":"https:\/\/www.europesays.com\/fr\/wp-json\/wp\/v2\/posts"}],"about":[{"href":"https:\/\/www.europesays.com\/fr\/wp-json\/wp\/v2\/types\/post"}],"author":[{"embeddable":true,"href":"https:\/\/www.europesays.com\/fr\/wp-json\/wp\/v2\/users\/2"}],"replies":[{"embeddable":true,"href":"https:\/\/www.europesays.com\/fr\/wp-json\/wp\/v2\/comments?post=379852"}],"version-history":[{"count":0,"href":"https:\/\/www.europesays.com\/fr\/wp-json\/wp\/v2\/posts\/379852\/revisions"}],"wp:featuredmedia":[{"embeddable":true,"href":"https:\/\/www.europesays.com\/fr\/wp-json\/wp\/v2\/media\/379853"}],"wp:attachment":[{"href":"https:\/\/www.europesays.com\/fr\/wp-json\/wp\/v2\/media?parent=379852"}],"wp:term":[{"taxonomy":"category","embeddable":true,"href":"https:\/\/www.europesays.com\/fr\/wp-json\/wp\/v2\/categories?post=379852"},{"taxonomy":"post_tag","embeddable":true,"href":"https:\/\/www.europesays.com\/fr\/wp-json\/wp\/v2\/tags?post=379852"}],"curies":[{"name":"wp","href":"https:\/\/api.w.org\/{rel}","templated":true}]}}