{"id":379858,"date":"2025-09-10T08:50:13","date_gmt":"2025-09-10T08:50:13","guid":{"rendered":"https:\/\/www.europesays.com\/fr\/379858\/"},"modified":"2025-09-10T08:50:13","modified_gmt":"2025-09-10T08:50:13","slug":"donald-trump-hue-et-qualifie-de-hitler-de-notre-epoque-dans-un-restaurant","status":"publish","type":"post","link":"https:\/\/www.europesays.com\/fr\/379858\/","title":{"rendered":"Donald Trump hu\u00e9 et qualifi\u00e9 de \u00abHitler de notre \u00e9poque\u00bb dans un restaurant"},"content":{"rendered":"<p>Le pr\u00e9sident am\u00e9rician a \u00e9t\u00e9 hu\u00e9 dans un restaurant de Washington par des manifestants pro-palestiniens, qui l\u2019ont compar\u00e9 \u00e0 Hitler. L\u2019incident, film\u00e9, est devenu viral sur les r\u00e9seaux sociaux.<\/p>\n<p class=\"fig-paragraph\">Des manifestants ont hu\u00e9 le pr\u00e9sident am\u00e9ricain\u00a0<a href=\"https:\/\/www.lefigaro.fr\/tag\/donald-trump\" target=\"_blank\" rel=\"sponsored noopener nofollow\" data-gtm-custom-categorie=\"navigation\" data-gtm-custom-action=\"crossclick\" data-gtm-custom-label=\"Contextuel\" data-gtm-event=\"customEventSPE\">Donald Trump<\/a>\u00a0dans un restaurant de Washington mardi soir, en criant \u00abLib\u00e9rez Washington\u00a0! Lib\u00e9rez la Palestine\u00a0! Trump est le Hitler de notre \u00e9poque\u00a0!\u00bb, selon des vid\u00e9os virales sur les r\u00e9seaux sociaux. Le r\u00e9publicain de 79 ans s&rsquo;est approch\u00e9 des manifestants qui brandissaient des banni\u00e8res repr\u00e9sentant le drapeau palestinien, s&rsquo;arr\u00eatant \u00e0 quelques m\u00e8tres d&rsquo;eux pendant quelques instants, hochant la t\u00eate et souriant placidement sans r\u00e9pondre.<\/p>\n<p class=\"fig-paragraph\">Quelques instants plus tard, il a fait signe aux agents de son service de s\u00e9curit\u00e9 (le Secret service) d&rsquo;\u00e9loigner les manifestants en disant \u00aballez, on y va\u00bb. Sur les vid\u00e9os, on peut \u00e9galement entendre d&rsquo;autres personnes dans le restaurant huer ou scander \u00abU-S-A\u00a0! U-S-A\u00a0!\u00bb.<\/p>\n<p>                                    <a class=\"fig-a11y-skip a11y-hidden\" href=\"#fig-a11y-skip-main-inarticle\"><br \/>\n        Passer la publicit\u00e9<br \/>\n    <\/a><\/p>\n<p class=\"fig-paragraph\">L&rsquo;AFP a sollicit\u00e9 le Secret service et la police m\u00e9tropolitaine de Washington pour un commentaire, mais n&rsquo;a pas obtenu de r\u00e9ponse dans l&rsquo;imm\u00e9diat. La porte-parole du pr\u00e9sident, Karoline Leavitt, a confirm\u00e9 que Donald Trump et son \u00e9quipe avaient d\u00een\u00e9 dans un restaurant proche de la Maison-Blanche, sans toutefois faire \u00e9tat d&rsquo;un incident. Des journalistes de la presse pr\u00e9sidentielle ont pour leur part dit avoir entendu des hu\u00e9es.<\/p>\n<p class=\"fig-paragraph\">Donald Trump, dont les d\u00eeners en public sont rares, \u00e9tait accompagn\u00e9 notamment de son vice-pr\u00e9sident JD Vance, du ministre de la D\u00e9fense Pete Hegseth et du secr\u00e9taire d&rsquo;\u00c9tat Marco Rubio, outre Karoline Leavitt.<\/p>\n","protected":false},"excerpt":{"rendered":"Le pr\u00e9sident am\u00e9rician a \u00e9t\u00e9 hu\u00e9 dans un restaurant de Washington par des manifestants pro-palestiniens, qui l\u2019ont compar\u00e9&hellip;\n","protected":false},"author":2,"featured_media":379859,"comment_status":"","ping_status":"","sticky":false,"template":"","format":"standard","meta":{"footnotes":""},"categories":[5],"tags":[11,19146,75,1011,27,14,12,2744,28],"class_list":{"0":"post-379858","1":"post","2":"type-post","3":"status-publish","4":"format-standard","5":"has-post-thumbnail","7":"category-international","8":"tag-actualites","9":"tag-adolf-hitler","10":"tag-donald-trump","11":"tag-fr","12":"tag-france","13":"tag-international","14":"tag-news","15":"tag-washington","16":"tag-world"},"share_on_mastodon":{"url":"https:\/\/pubeurope.com\/@fr\/115179148081784093","error":""},"_links":{"self":[{"href":"https:\/\/www.europesays.com\/fr\/wp-json\/wp\/v2\/posts\/379858","targetHints":{"allow":["GET"]}}],"collection":[{"href":"https:\/\/www.europesays.com\/fr\/wp-json\/wp\/v2\/posts"}],"about":[{"href":"https:\/\/www.europesays.com\/fr\/wp-json\/wp\/v2\/types\/post"}],"author":[{"embeddable":true,"href":"https:\/\/www.europesays.com\/fr\/wp-json\/wp\/v2\/users\/2"}],"replies":[{"embeddable":true,"href":"https:\/\/www.europesays.com\/fr\/wp-json\/wp\/v2\/comments?post=379858"}],"version-history":[{"count":0,"href":"https:\/\/www.europesays.com\/fr\/wp-json\/wp\/v2\/posts\/379858\/revisions"}],"wp:featuredmedia":[{"embeddable":true,"href":"https:\/\/www.europesays.com\/fr\/wp-json\/wp\/v2\/media\/379859"}],"wp:attachment":[{"href":"https:\/\/www.europesays.com\/fr\/wp-json\/wp\/v2\/media?parent=379858"}],"wp:term":[{"taxonomy":"category","embeddable":true,"href":"https:\/\/www.europesays.com\/fr\/wp-json\/wp\/v2\/categories?post=379858"},{"taxonomy":"post_tag","embeddable":true,"href":"https:\/\/www.europesays.com\/fr\/wp-json\/wp\/v2\/tags?post=379858"}],"curies":[{"name":"wp","href":"https:\/\/api.w.org\/{rel}","templated":true}]}}