{"id":379860,"date":"2025-09-10T08:51:11","date_gmt":"2025-09-10T08:51:11","guid":{"rendered":"https:\/\/www.europesays.com\/fr\/379860\/"},"modified":"2025-09-10T08:51:11","modified_gmt":"2025-09-10T08:51:11","slug":"pourquoi-la-gauche-se-met-a-citer-albert-einstein-pour-critiquer-ce-choix","status":"publish","type":"post","link":"https:\/\/www.europesays.com\/fr\/379860\/","title":{"rendered":"Pourquoi la gauche se met \u00e0 citer Albert Einstein pour critiquer ce choix"},"content":{"rendered":"<p>        <img decoding=\"async\" loading=\"lazy\" src=\"https:\/\/www.europesays.com\/fr\/wp-content\/uploads\/2025\/09\/dc54767_1658609038988-5c92e9fc220000c5001b5ce3.jpeg\"  width=\"728\" height=\"364\" alt=\"Lecornu \u00e0 Matignon\u00a0: Pourquoi la gauche se met \u00e0 citer Albert Einstein \u00e0 tour de bras (illustration)\"\/>  <\/p>\n<p>SCIENCE SOURCE via Getty Images<\/p>\n<p>Lecornu \u00e0 Matignon\u00a0: Pourquoi la gauche se met \u00e0 citer Albert Einstein \u00e0 tour de bras (illustration)<\/p>\n<p class=\"asset asset-text\">POLITIQUE &#8211; Aux grands maux, les bons mots\u00a0? L\u2019\u00e9quation ne se v\u00e9rifie pas toujours. La nomination, ce mardi 9\u00a0septembre, de <a href=\"https:\/\/www.huffingtonpost.fr\/politique\/article\/sebastien-lecornu-peut-il-reussir-la-ou-francois-bayrou-et-michel-barnier-ont-echoue_254629.html\" target=\"_blank\" rel=\"noopener\">S\u00e9bastien Lecornu<\/a> \u00e0 Matignon, en remplacement de Fran\u00e7ois Bayrou, a suscit\u00e9 <a href=\"https:\/\/www.huffingtonpost.fr\/politique\/video\/lecornu-a-matignon-ces-oppositions-qui-predisent-deja-la-censure-du-successeur-de-bayrou_254628.html\" target=\"_blank\" rel=\"noopener\">une lev\u00e9e de boucliers \u00e0 gauche<\/a>.<\/p>\n<p class=\"asset asset-text\">En nommant, ce fid\u00e8le des fid\u00e8les, mettent en garde les socialistes et les insoumis, <a href=\"https:\/\/www.huffingtonpost.fr\/politique\/article\/contrainte-et-forcee-la-macronie-evoque-a-demi-mot-la-taxation-des-plus-riches_254608.html\" target=\"_blank\" rel=\"noopener\">Emmanuel Macron<\/a> prend le risque de se retrouver dans une m\u00eame situation de blocage qu\u2019avec Michel Barnier ou que le maire de Pau. Et pour appuyer leurs propos, les \u00e9lus n\u2019h\u00e9sitent pas \u00e0 invoquer le scientifique Albert Einstein.<\/p>\n<p class=\"asset asset-text\">Que vient faire le physicien du XIXe\u00a0si\u00e8cle et prix Nobel dans cette gal\u00e8re\u00a0? Pour d\u00e9fendre leurs critiques du choix pr\u00e9sidentiel, les \u00e9lus s\u2019appuient depuis mardi soir sur une citation attribu\u00e9e au scientifique\u00a0: \u00ab\u00a0La folie, c\u2019est de faire toujours la m\u00eame chose et de s\u2019attendre \u00e0 un r\u00e9sultat diff\u00e9rent\u00a0\u00bb. Autrement dit, les m\u00eames causes produisent les m\u00eames effets.<\/p>\n<p class=\"asset asset-text\">De Boris Vallaud, pr\u00e9sident de groupe PS \u00e0 l\u2019Assembl\u00e9e, sur RTL, en passant par Sarah Legrain d\u00e9put\u00e9e LFI invit\u00e9e de LCP, ou encore Alexis Corbi\u00e8re, ex-insoumis sur X, la petite phrase fait le tour des plateaux et des r\u00e9seaux sociaux.<\/p>\n<p> La lecture de ce contenu est susceptible d\u2019entra\u00eener un d\u00e9p\u00f4t de cookies de la part de l\u2019op\u00e9rateur tiers qui l\u2019h\u00e9berge. Compte-tenu des choix que vous avez exprim\u00e9s en mati\u00e8re de d\u00e9p\u00f4t de cookies, nous avons bloqu\u00e9 l\u2019affichage de ce contenu. Si vous souhaitez y acc\u00e9der, vous devez accepter la cat\u00e9gorie de cookies \u201cContenus tiers\u201d en cliquant sur le bouton ci-dessous. <\/p>\n<p> Lire la Vid\u00e9o           <\/p>\n<p> La lecture de ce contenu est susceptible d\u2019entra\u00eener un d\u00e9p\u00f4t de cookies de la part de l\u2019op\u00e9rateur tiers qui l\u2019h\u00e9berge. Compte-tenu des choix que vous avez exprim\u00e9s en mati\u00e8re de d\u00e9p\u00f4t de cookies, nous avons bloqu\u00e9 l\u2019affichage de ce contenu. Si vous souhaitez y acc\u00e9der, vous devez accepter la cat\u00e9gorie de cookies \u201cContenus tiers\u201d en cliquant sur le bouton ci-dessous. <\/p>\n<p> Lire la Vid\u00e9o           <\/p>\n<p> La lecture de ce contenu est susceptible d\u2019entra\u00eener un d\u00e9p\u00f4t de cookies de la part de l\u2019op\u00e9rateur tiers qui l\u2019h\u00e9berge. Compte-tenu des choix que vous avez exprim\u00e9s en mati\u00e8re de d\u00e9p\u00f4t de cookies, nous avons bloqu\u00e9 l\u2019affichage de ce contenu. Si vous souhaitez y acc\u00e9der, vous devez accepter la cat\u00e9gorie de cookies \u201cContenus tiers\u201d en cliquant sur le bouton ci-dessous. <\/p>\n<p> Lire la Vid\u00e9o           <\/p>\n<p> La lecture de ce contenu est susceptible d\u2019entra\u00eener un d\u00e9p\u00f4t de cookies de la part de l\u2019op\u00e9rateur tiers qui l\u2019h\u00e9berge. Compte-tenu des choix que vous avez exprim\u00e9s en mati\u00e8re de d\u00e9p\u00f4t de cookies, nous avons bloqu\u00e9 l\u2019affichage de ce contenu. Si vous souhaitez y acc\u00e9der, vous devez accepter la cat\u00e9gorie de cookies \u201cContenus tiers\u201d en cliquant sur le bouton ci-dessous. <\/p>\n<p> Lire la Vid\u00e9o        <\/p>\n<p class=\"asset asset-text\">La d\u00e9monstration a beau se vouloir p\u00e9dagogique, la r\u00e9p\u00e9tition ne fait pas force de loi. De par l\u2019ampleur de ses travaux et son g\u00e9nie scientifique, Albert Einstein est le profil parfait pour lui attribuer de fausses citations. Et celle sur la folie ne fait vraisemblablement pas exception au doute.<\/p>\n<p class=\"asset asset-text\">Sur son site internet, <a href=\"https:\/\/www.afis.org\/Comme-ne-le-disait-pas-Einstein\" target=\"_blank\" rel=\"noopener\" title=\"Nouvelle fen\u00eatre\">l\u2019association fran\u00e7aise pour l\u2019information scientifique<\/a> (AFIS) pointe qu\u2019il n\u2019y a pas de trace de cette citation dans un texte ou des \u00e9crits d\u2019Albert Einstein.<\/p>\n<p class=\"asset asset-text\">Comme d\u2019autres, l\u2019AFIS, \u00e9voque une tout autre piste pour cette d\u00e9finition\u00a0: \u00ab\u00a0La premi\u00e8re occurrence \u00e9crite de cette d\u00e9finition de la folie\u00a0n\u2019appara\u00eet qu\u2019en 1981 dans un texte de l\u2019institution des Narcotiques Anonymes\u00a0\u00bb. Et l\u2019association de rappeler que la citation fut aussi reprise par un des personnages du livre Sudden Death, \u00e9crit en 1983\u00a0par Rita Mae Brown, une activiste lesbienne et ex-compagne de la tenniswoman Martina Navratilova. De quoi illustrer la certaine relativit\u00e9 des arguments politique qui se parent de r\u00e9f\u00e9rences scientifiques.<\/p>\n","protected":false},"excerpt":{"rendered":"SCIENCE SOURCE via Getty Images Lecornu \u00e0 Matignon\u00a0: Pourquoi la gauche se met \u00e0 citer Albert Einstein \u00e0&hellip;\n","protected":false},"author":2,"featured_media":379861,"comment_status":"","ping_status":"","sticky":false,"template":"","format":"standard","meta":{"footnotes":""},"categories":[4],"tags":[11,51319,1011,27,49272,12,316,25,11067],"class_list":{"0":"post-379860","1":"post","2":"type-post","3":"status-publish","4":"format-standard","5":"has-post-thumbnail","7":"category-france","8":"tag-actualites","9":"tag-albert-einstein","10":"tag-fr","11":"tag-france","12":"tag-matignon","13":"tag-news","14":"tag-politique","15":"tag-republique-francaise","16":"tag-sebastien-lecornu"},"share_on_mastodon":{"url":"https:\/\/pubeurope.com\/@fr\/115179152064336579","error":""},"_links":{"self":[{"href":"https:\/\/www.europesays.com\/fr\/wp-json\/wp\/v2\/posts\/379860","targetHints":{"allow":["GET"]}}],"collection":[{"href":"https:\/\/www.europesays.com\/fr\/wp-json\/wp\/v2\/posts"}],"about":[{"href":"https:\/\/www.europesays.com\/fr\/wp-json\/wp\/v2\/types\/post"}],"author":[{"embeddable":true,"href":"https:\/\/www.europesays.com\/fr\/wp-json\/wp\/v2\/users\/2"}],"replies":[{"embeddable":true,"href":"https:\/\/www.europesays.com\/fr\/wp-json\/wp\/v2\/comments?post=379860"}],"version-history":[{"count":0,"href":"https:\/\/www.europesays.com\/fr\/wp-json\/wp\/v2\/posts\/379860\/revisions"}],"wp:featuredmedia":[{"embeddable":true,"href":"https:\/\/www.europesays.com\/fr\/wp-json\/wp\/v2\/media\/379861"}],"wp:attachment":[{"href":"https:\/\/www.europesays.com\/fr\/wp-json\/wp\/v2\/media?parent=379860"}],"wp:term":[{"taxonomy":"category","embeddable":true,"href":"https:\/\/www.europesays.com\/fr\/wp-json\/wp\/v2\/categories?post=379860"},{"taxonomy":"post_tag","embeddable":true,"href":"https:\/\/www.europesays.com\/fr\/wp-json\/wp\/v2\/tags?post=379860"}],"curies":[{"name":"wp","href":"https:\/\/api.w.org\/{rel}","templated":true}]}}