{"id":379862,"date":"2025-09-10T08:52:12","date_gmt":"2025-09-10T08:52:12","guid":{"rendered":"https:\/\/www.europesays.com\/fr\/379862\/"},"modified":"2025-09-10T08:52:12","modified_gmt":"2025-09-10T08:52:12","slug":"la-mere-de-ladolescent-condamne-sera-jugee-a-son-tour-fin-septembre","status":"publish","type":"post","link":"https:\/\/www.europesays.com\/fr\/379862\/","title":{"rendered":"La m\u00e8re de l\u2019adolescent condamn\u00e9 sera jug\u00e9e \u00e0 son tour fin septembre"},"content":{"rendered":"<p>La m\u00e8re de l\u2019<a href=\"https:\/\/www.20minutes.fr\/dossier\/adolescent\" class=\"c-link c-link--is-underlined\" target=\"_blank\" rel=\"noopener\">adolescent<\/a> condamn\u00e9 \u00e0 huit ans de <a href=\"https:\/\/www.20minutes.fr\/dossier\/prison\" class=\"c-link c-link--is-underlined\" target=\"_blank\" rel=\"noopener\">prison<\/a> ferme pour le meurtre de Matisse, tu\u00e9 \u00e0 15 ans de plusieurs <a href=\"https:\/\/www.20minutes.fr\/dossier\/coup_de_couteau\" class=\"c-link c-link--is-underlined\" target=\"_blank\" rel=\"noopener\">coups de couteau<\/a> en avril\u00a02024 \u00e0 <a href=\"https:\/\/www.20minutes.fr\/dossier\/chateauroux\" class=\"c-link c-link--is-underlined\" target=\"_blank\" rel=\"noopener\">Ch\u00e2teauroux<\/a>, sera jug\u00e9e \u00e0 son tour fin septembre, a-t-on appris mardi aupr\u00e8s du parquet. Elle est soup\u00e7onn\u00e9e d\u2019avoir elle aussi port\u00e9 des coups \u00e0 la victime.<\/p>\n<p>Son fils, \u00e2g\u00e9 aujourd\u2019hui de 16 ans et de nationalit\u00e9 afghane en situation r\u00e9guli\u00e8re, avait \u00e9t\u00e9 reconnu coupable en mai d\u2019avoir port\u00e9 les coups mortels \u00e0 Matisse \u00e0 la suite d\u2019une bagarre caus\u00e9e par \u00ab\u00a0une battle de rap\u00a0\u00bb le 27\u00a0avril 2024. Il s\u2019\u00e9tait alors rendu chez lui s\u2019emparer d\u2019un couteau puis \u00e9tait revenu, accompagn\u00e9 de sa m\u00e8re, ass\u00e9ner plusieurs coups \u00e0 l\u2019adolescent dont l\u2019un avait atteint le c\u0153ur.<\/p>\n<p>Dispositif de s\u00e9curit\u00e9 tr\u00e8s important<\/p>\n<p>Sa m\u00e8re, soup\u00e7onn\u00e9e d\u2019avoir \u00e9galement mis des gifles et des coups au jeune Matisse, sera \u00e0 son tour jug\u00e9e le 26\u00a0septembre devant le tribunal correctionnel de Ch\u00e2teauroux, a indiqu\u00e9 le procureur de la R\u00e9publique de la ville David Marcat, confirmant une information du quotidien r\u00e9gional La Nouvelle R\u00e9publique.<\/p>\n<\/p>\n<p>Elle va compara\u00eetre pour \u00ab\u00a0violences sur personne vuln\u00e9rable sans ITT\u00a0\u00bb. Une qualification juridique qui \u00ab\u00a0s\u2019explique par le fait que des coups ont \u00e9t\u00e9 port\u00e9s sur le jeune homme alors qu\u2019il \u00e9tait en train de d\u00e9c\u00e9der, d\u2019o\u00f9 l\u2019\u00e9tat de vuln\u00e9rabilit\u00e9, mais sans ITT, car ce ne sont pas ces coups qui ont entra\u00een\u00e9 sa mort\u00a0\u00bb, a pr\u00e9cis\u00e9 le procureur.<\/p>\n<p>Le jour de l\u2019audience, le 26\u00a0septembre, un dispositif de s\u00e9curit\u00e9 tr\u00e8s important sera mis en place autour du Palais de justice \u00ab\u00a0compte tenu des risques de prise \u00e0 partie, d\u00e9j\u00e0 constat\u00e9s \u00e0 l\u2019encontre de la m\u00e8re du jeune condamn\u00e9 lors du dernier proc\u00e8s\u00a0\u00bb, a dit David Marcat.<\/p>\n<p>8.000 personnes dans les rues de Ch\u00e2teauroux<\/p>\n<p>A son issue, la m\u00e8re du pr\u00e9venu avait quitt\u00e9 le tribunal sous un concert d\u2019insultes, encadr\u00e9e par les policiers. Elle avait d\u00fb rebrousser chemin et \u00eatre exfiltr\u00e9e en voiture.<\/p>\n<p>Le meurtre de Matisse avait caus\u00e9 une \u00e9motion consid\u00e9rable dans sa ville natale et au-del\u00e0. Quelque 8.000 personnes avaient d\u00e9fil\u00e9 dans les rues de Ch\u00e2teauroux dans les jours suivant sa mort, et 2.000 environ assistaient \u00e0 la c\u00e9r\u00e9monie en sa m\u00e9moire, quelques jours plus tard.<\/p>\n","protected":false},"excerpt":{"rendered":"La m\u00e8re de l\u2019adolescent condamn\u00e9 \u00e0 huit ans de prison ferme pour le meurtre de Matisse, tu\u00e9 \u00e0&hellip;\n","protected":false},"author":2,"featured_media":379863,"comment_status":"","ping_status":"","sticky":false,"template":"","format":"standard","meta":{"footnotes":""},"categories":[2],"tags":[47,11,1084,4351,1011,27,303,777,12,104,809],"class_list":{"0":"post-379862","1":"post","2":"type-post","3":"status-publish","4":"format-standard","5":"has-post-thumbnail","7":"category-actualites","8":"tag-actualite","9":"tag-actualites","10":"tag-adolescent","11":"tag-chateauroux","12":"tag-fr","13":"tag-france","14":"tag-justice","15":"tag-meurtre","16":"tag-news","17":"tag-societe","18":"tag-violence"},"share_on_mastodon":{"url":"https:\/\/pubeurope.com\/@fr\/115179155867997406","error":""},"_links":{"self":[{"href":"https:\/\/www.europesays.com\/fr\/wp-json\/wp\/v2\/posts\/379862","targetHints":{"allow":["GET"]}}],"collection":[{"href":"https:\/\/www.europesays.com\/fr\/wp-json\/wp\/v2\/posts"}],"about":[{"href":"https:\/\/www.europesays.com\/fr\/wp-json\/wp\/v2\/types\/post"}],"author":[{"embeddable":true,"href":"https:\/\/www.europesays.com\/fr\/wp-json\/wp\/v2\/users\/2"}],"replies":[{"embeddable":true,"href":"https:\/\/www.europesays.com\/fr\/wp-json\/wp\/v2\/comments?post=379862"}],"version-history":[{"count":0,"href":"https:\/\/www.europesays.com\/fr\/wp-json\/wp\/v2\/posts\/379862\/revisions"}],"wp:featuredmedia":[{"embeddable":true,"href":"https:\/\/www.europesays.com\/fr\/wp-json\/wp\/v2\/media\/379863"}],"wp:attachment":[{"href":"https:\/\/www.europesays.com\/fr\/wp-json\/wp\/v2\/media?parent=379862"}],"wp:term":[{"taxonomy":"category","embeddable":true,"href":"https:\/\/www.europesays.com\/fr\/wp-json\/wp\/v2\/categories?post=379862"},{"taxonomy":"post_tag","embeddable":true,"href":"https:\/\/www.europesays.com\/fr\/wp-json\/wp\/v2\/tags?post=379862"}],"curies":[{"name":"wp","href":"https:\/\/api.w.org\/{rel}","templated":true}]}}