{"id":379866,"date":"2025-09-10T08:54:16","date_gmt":"2025-09-10T08:54:16","guid":{"rendered":"https:\/\/www.europesays.com\/fr\/379866\/"},"modified":"2025-09-10T08:54:16","modified_gmt":"2025-09-10T08:54:16","slug":"perturbations-en-cours-sur-le-reseau-stas-ce-quil-se-passe","status":"publish","type":"post","link":"https:\/\/www.europesays.com\/fr\/379866\/","title":{"rendered":"perturbations en cours sur le r\u00e9seau STAS, ce qu&rsquo;il se passe"},"content":{"rendered":"<p>            Par<br \/>\n        <strong><br \/>\n            <a href=\"https:\/\/actu.fr\/auteur\/julien-sournies\" title=\"Consulter tous les articles de Julien Sournies\" target=\"_blank\" rel=\"noopener\">Julien Sournies<\/a><br \/>\n        <\/strong><\/p>\n<p>        Publi\u00e9 le<\/p>\n<p>            10 sept. 2025 \u00e0 9h43<br \/>\n        ; mis \u00e0 jour le 10 sept. 2025 \u00e0 9h48    <\/p>\n<p>Alors que le r\u00e9seau <strong>STAS<\/strong> de <a href=\"https:\/\/actu.fr\/saint-etienne\/\" target=\"_blank\" rel=\"noopener\">Saint-Etienne<\/a> s\u2019attendait \u00e0 de \u00ab\u2009l\u00e9g\u00e8res perturbations\u2009\u00bb en ce mercredi 10 septembre, jour de blocage massif dans tout le pays, plusieurs lignes de tramways et de bus sont d\u00e9j\u00e0 bloqu\u00e9es ou sont contraintes d\u2019emprunter des d\u00e9viations.<\/p>\n<p class=\" wall-content\">Depuis 6\u00a0heures ce mercredi matin, une centaine de manifestants investissent le parvis de la gare<strong> Saint-Etienne-Chateaucreux<\/strong>. Selon les personnes pr\u00e9sentes sur les lieux, quelques manifestants bloquent le tramway, <strong>paralysant<\/strong> enti\u00e8rement la ligne T2.<\/p>\n<p>La ligne T2 compl\u00e8tement immobilis\u00e9e, la ligne T3 d\u00e9vi\u00e9e<\/p>\n<p class=\" wall-content\">\u00ab\u2009En raison d\u2019une manifestation, secteur Ch\u00e2teaucreux, sur les voies du tramway, la ligne T2 est immobilis\u00e9e\u2009\u00bb, confirme la STAS sur son site internet.<\/p>\n<p>    <img   decoding=\"async\" loading=\"lazy\" src=\"https:\/\/www.europesays.com\/fr\/wp-content\/uploads\/2025\/09\/tram-sainte-960x640.jpg\" alt=\"dhk\" width=\"960\" height=\"640\"\/><br \/>\n    Le tramway a \u00e9t\u00e9 bloqu\u00e9 devant la gare de Saint-Etienne-Chateaucreux ce mercredi matin. (\u00a9Nicolas Farkas \/ Facebook)<\/p>\n<p class=\" wall-content\">La <strong>ligne T3<\/strong> est, elle aussi, impact\u00e9e par le rassemblement. Celle-ci est actuellement \u00ab\u2009d\u00e9vi\u00e9e par l\u2019itin\u00e9raire de la ligne T1 dans les deux sens\u2009\u00bb et ne dessert pas les secteurs Jean Moulin\/Ch\u00e2teaucreux\/Technop\u00f4le\/Geoffroy Guichard.<\/p>\n<p class=\" wall-content\">Les\u00a0stations\u00a0Peuple Lib\u00e9ration, Square Violette, Jean Moulin, Fourneyron, Dalgabio, Ch\u00e2teaucreux, Colonel Marey, Bardot, Soleil, Z\u00e9nith-Com\u00e9die, Technop\u00f4le\u00a0et\u00a0Geoffroy Guichard\u00a0ne sont pas desservies.<\/p>\n<p>Des perturbations sur les lignes de bus<\/p>\n<p class=\" wall-content\">De surcro\u00eet, la ligne 14 est limit\u00e9e \u00e0 l\u2019arr\u00eat Patinoire. Les arr\u00eats\u00a0Dr Muller, Louis Souli\u00e9, Jules Janin\u00a0et\u00a0Ch\u00e2teaucreux\u00a0ne sont pas desservis.<\/p>\n<p>Votre r\u00e9gion, votre actu !<\/p>\n<p>Recevez chaque jour les infos qui comptent pour vous.<\/p>\n<p>\t<a href=\"https:\/\/actu.fr\/newsletter\" class=\"ac-btn ac-btn--corner ac-btn--medium ac-btn--blue800\" target=\"_blank\" rel=\"noopener\">S&rsquo;incrire<\/a><\/p>\n<p>    <img   decoding=\"async\" loading=\"lazy\" src=\"https:\/\/www.europesays.com\/fr\/wp-content\/uploads\/2025\/09\/sainteee-960x640.jpg\" alt=\"dfj\" width=\"960\" height=\"640\"\/><br \/>\n    Des perturbations sont en cours devant la gare de Saint-Etienne Chateaucreux. (\u00a9Nicolas Farkas \/ Facebook)<\/p>\n<p class=\" wall-content\">Idem pour les lignes M4 et 29, lesquelles sont limit\u00e9es \u00e0 l\u2019arr\u00eat Rue de la Chance. L\u2019arr\u00eat\u00a0Ch\u00e2teaucreux\u00a0n\u2019est pas desservi.<\/p>\n<p class=\" wall-content\">La ligne 22 est, quant \u00e0 elle, d\u00e9vi\u00e9e dans les deux sens : les arr\u00eats Buffon, Desaugier, Jomay\u00e8re, Place Pigier, Emmanuel Brun et La Beraudi\u00e8re ne sont pas desservis.<\/p>\n<p class=\" wall-content\">Personnalisez votre actualit\u00e9 en ajoutant vos villes et m\u00e9dias en favori avec <a href=\"https:\/\/moncompte.actu.fr\" title=\"D\u00e9couvez Mon Actu\" rel=\"nofollow noopener\" data-trk=\"{&quot;cta&quot;:{&quot;action&quot;:&quot;https:\\\/\\\/moncompte.actu.fr&quot;,&quot;category&quot;:&quot;mon compte&quot;,&quot;from&quot;:&quot;article footer&quot;,&quot;name&quot;:&quot;Mon actu&quot;,&quot;type&quot;:&quot;cta&quot;}}\" target=\"_blank\">Mon Actu<\/a>.<\/p>\n","protected":false},"excerpt":{"rendered":"Par Julien Sournies Publi\u00e9 le 10 sept. 2025 \u00e0 9h43 ; mis \u00e0 jour le 10 sept. 2025&hellip;\n","protected":false},"author":2,"featured_media":379867,"comment_status":"","ping_status":"","sticky":false,"template":"","format":"standard","meta":{"footnotes":""},"categories":[9653],"tags":[1111,11,2430,1777,674,1011,27,1272,50957,12,25,4001,104,25515],"class_list":{"0":"post-379866","1":"post","2":"type-post","3":"status-publish","4":"format-standard","5":"has-post-thumbnail","7":"category-saint-etienne","8":"tag-actu","9":"tag-actualites","10":"tag-auvergne-rhone-alpes","11":"tag-eu","12":"tag-europe","13":"tag-fr","14":"tag-france","15":"tag-manifestations","16":"tag-mouvement-du-10-septembre","17":"tag-news","18":"tag-republique-francaise","19":"tag-saint-etienne","20":"tag-societe","21":"tag-societe-de-transport-de-lagglomeration-stephanoise-stas"},"share_on_mastodon":{"url":"https:\/\/pubeurope.com\/@fr\/115179163731547338","error":""},"_links":{"self":[{"href":"https:\/\/www.europesays.com\/fr\/wp-json\/wp\/v2\/posts\/379866","targetHints":{"allow":["GET"]}}],"collection":[{"href":"https:\/\/www.europesays.com\/fr\/wp-json\/wp\/v2\/posts"}],"about":[{"href":"https:\/\/www.europesays.com\/fr\/wp-json\/wp\/v2\/types\/post"}],"author":[{"embeddable":true,"href":"https:\/\/www.europesays.com\/fr\/wp-json\/wp\/v2\/users\/2"}],"replies":[{"embeddable":true,"href":"https:\/\/www.europesays.com\/fr\/wp-json\/wp\/v2\/comments?post=379866"}],"version-history":[{"count":0,"href":"https:\/\/www.europesays.com\/fr\/wp-json\/wp\/v2\/posts\/379866\/revisions"}],"wp:featuredmedia":[{"embeddable":true,"href":"https:\/\/www.europesays.com\/fr\/wp-json\/wp\/v2\/media\/379867"}],"wp:attachment":[{"href":"https:\/\/www.europesays.com\/fr\/wp-json\/wp\/v2\/media?parent=379866"}],"wp:term":[{"taxonomy":"category","embeddable":true,"href":"https:\/\/www.europesays.com\/fr\/wp-json\/wp\/v2\/categories?post=379866"},{"taxonomy":"post_tag","embeddable":true,"href":"https:\/\/www.europesays.com\/fr\/wp-json\/wp\/v2\/tags?post=379866"}],"curies":[{"name":"wp","href":"https:\/\/api.w.org\/{rel}","templated":true}]}}