{"id":379870,"date":"2025-09-10T08:58:08","date_gmt":"2025-09-10T08:58:08","guid":{"rendered":"https:\/\/www.europesays.com\/fr\/379870\/"},"modified":"2025-09-10T08:58:08","modified_gmt":"2025-09-10T08:58:08","slug":"des-manifestants-bloquent-un-rond-point-un-feu-allume","status":"publish","type":"post","link":"https:\/\/www.europesays.com\/fr\/379870\/","title":{"rendered":"des manifestants bloquent un rond-point, un feu allum\u00e9"},"content":{"rendered":"<p>            Par<br \/>\n        <strong><br \/>\n            <a href=\"https:\/\/actu.fr\/auteur\/amandine-mehl\" title=\"Consulter tous les articles de Amandine Mehl\" target=\"_blank\" rel=\"noopener\">Amandine Mehl<\/a><br \/>\n        <\/strong><\/p>\n<p>        Publi\u00e9 le<\/p>\n<p>            10 sept. 2025 \u00e0 10h03        <\/p>\n<p>Alors qu\u2019une <a href=\"https:\/\/actu.fr\/grand-est\/nancy_54395\/bloquons-tout-le-10-septembre-voici-l-heure-et-le-parcours-de-la-manifestation-a-nancy-ce-mercredi_63135265.html\" target=\"_blank\" rel=\"noopener\">manifestation<\/a> est attendue ce mercredi 10\u00a0septembre 2025 \u00e0 <strong>Nancy<\/strong>, dans le cadre du mouvement \u00ab<a href=\"https:\/\/actu.fr\/tag\/bloquons-tout\" target=\"_blank\" rel=\"noopener\">\u2009Bloquons tout<\/a>\u2009\u00bb, de <strong>premi\u00e8res actions<\/strong> se sont d\u00e9roul\u00e9es en p\u00e9riph\u00e9rie de la cit\u00e9 ducale.<\/p>\n<p class=\" wall-content\">Un rendez-vous \u00e9tait notamment donn\u00e9 d\u00e8s 6h, au <strong>rond-point de la Porte verte \u00e0 Essey-l\u00e8s-Nancy<\/strong>, o\u00f9 environ <strong>80\u00a0personnes se sont pr\u00e9sent\u00e9es<\/strong>. Elles ont proc\u00e9d\u00e9 au blocage d\u2019un rond-point et des palettes ont \u00e9t\u00e9 br\u00fbl\u00e9es.<\/p>\n<p>Un feu de palettes allum\u00e9 au niveau d\u2019un rond-point et un blocage<\/p>\n<p class=\" wall-content\">Chariots, poubelles, palettes\u2026 Les manifestants ont proc\u00e9d\u00e9 au <strong>blocage du rond-point situ\u00e9 \u00e0 proximit\u00e9 du magasin Brico D\u00e9p\u00f4t<\/strong>. Le blocage, qui a dur\u00e9 quelques heures, a occasionn\u00e9 des <strong>perturbations<\/strong> de la circulation.<\/p>\n<p class=\" wall-content\">\n<p class=\" wall-content\">\n<p class=\" wall-content\">\n<p class=\" wall-content\">D\u00e9p\u00each\u00e9es sur les lieux, les forces de l\u2019ordre ont de leur c\u00f4t\u00e9 <strong>bloqu\u00e9 les diff\u00e9rents axes autour du rond-point<\/strong> avant de proc\u00e9der \u00e0 l\u2019<strong>\u00e9vacuation des lieux<\/strong>.<\/p>\n<p class=\" wall-content\">\n<p class=\" wall-content\">\n<p class=\" wall-content\">En parall\u00e8le, un <strong>feu de palettes<\/strong> a \u00e9t\u00e9 allum\u00e9 au niveau du rond-point situ\u00e9 \u00e0 proximit\u00e9 du restaurant KFC. Il a <strong>rapidement \u00e9t\u00e9 \u00e9teint par les secours<\/strong>, informe la pr\u00e9fecture de Meurthe-et-Moselle jointe par Lorraine Actu.<\/p>\n<p class=\" wall-content\">Personnalisez votre actualit\u00e9 en ajoutant vos villes et m\u00e9dias en favori avec <a href=\"https:\/\/moncompte.actu.fr\" title=\"D\u00e9couvez Mon Actu\" rel=\"nofollow noopener\" data-trk=\"{&quot;cta&quot;:{&quot;action&quot;:&quot;https:\\\/\\\/moncompte.actu.fr&quot;,&quot;category&quot;:&quot;mon compte&quot;,&quot;from&quot;:&quot;article footer&quot;,&quot;name&quot;:&quot;Mon actu&quot;,&quot;type&quot;:&quot;cta&quot;}}\" target=\"_blank\">Mon Actu<\/a>.<\/p>\n","protected":false},"excerpt":{"rendered":"Par Amandine Mehl Publi\u00e9 le 10 sept. 2025 \u00e0 10h03 Alors qu\u2019une manifestation est attendue ce mercredi 10\u00a0septembre&hellip;\n","protected":false},"author":2,"featured_media":379871,"comment_status":"","ping_status":"","sticky":false,"template":"","format":"standard","meta":{"footnotes":""},"categories":[9635],"tags":[1111,11,47212,1777,674,1011,27,775,1272,1702,12,25,104],"class_list":{"0":"post-379870","1":"post","2":"type-post","3":"status-publish","4":"format-standard","5":"has-post-thumbnail","7":"category-nancy","8":"tag-actu","9":"tag-actualites","10":"tag-bloquons-tout","11":"tag-eu","12":"tag-europe","13":"tag-fr","14":"tag-france","15":"tag-grand-est","16":"tag-manifestations","17":"tag-nancy","18":"tag-news","19":"tag-republique-francaise","20":"tag-societe"},"share_on_mastodon":{"url":"https:\/\/pubeurope.com\/@fr\/115179179473880921","error":""},"_links":{"self":[{"href":"https:\/\/www.europesays.com\/fr\/wp-json\/wp\/v2\/posts\/379870","targetHints":{"allow":["GET"]}}],"collection":[{"href":"https:\/\/www.europesays.com\/fr\/wp-json\/wp\/v2\/posts"}],"about":[{"href":"https:\/\/www.europesays.com\/fr\/wp-json\/wp\/v2\/types\/post"}],"author":[{"embeddable":true,"href":"https:\/\/www.europesays.com\/fr\/wp-json\/wp\/v2\/users\/2"}],"replies":[{"embeddable":true,"href":"https:\/\/www.europesays.com\/fr\/wp-json\/wp\/v2\/comments?post=379870"}],"version-history":[{"count":0,"href":"https:\/\/www.europesays.com\/fr\/wp-json\/wp\/v2\/posts\/379870\/revisions"}],"wp:featuredmedia":[{"embeddable":true,"href":"https:\/\/www.europesays.com\/fr\/wp-json\/wp\/v2\/media\/379871"}],"wp:attachment":[{"href":"https:\/\/www.europesays.com\/fr\/wp-json\/wp\/v2\/media?parent=379870"}],"wp:term":[{"taxonomy":"category","embeddable":true,"href":"https:\/\/www.europesays.com\/fr\/wp-json\/wp\/v2\/categories?post=379870"},{"taxonomy":"post_tag","embeddable":true,"href":"https:\/\/www.europesays.com\/fr\/wp-json\/wp\/v2\/tags?post=379870"}],"curies":[{"name":"wp","href":"https:\/\/api.w.org\/{rel}","templated":true}]}}