{"id":379884,"date":"2025-09-10T09:05:11","date_gmt":"2025-09-10T09:05:11","guid":{"rendered":"https:\/\/www.europesays.com\/fr\/379884\/"},"modified":"2025-09-10T09:05:11","modified_gmt":"2025-09-10T09:05:11","slug":"trois-personnes-interpellees-dans-lagglomeration-grenobloise","status":"publish","type":"post","link":"https:\/\/www.europesays.com\/fr\/379884\/","title":{"rendered":"trois personnes interpell\u00e9es dans l&rsquo;agglom\u00e9ration grenobloise"},"content":{"rendered":"<p>\u00c0 l\u2019institut m\u00e9dico-\u00e9ducatif Camille-Veyron, \u00e0 Bourgoin-Jallieu, une petite dizaine d\u2019employ\u00e9s s\u2019est r\u00e9unie, avec \u00e9galement quelques personnes le centre de sant\u00e9 sexuelle.<\/p>\n<p>\u00ab\u200aSur les 53 salari\u00e9s, il y a 34 gr\u00e9vistes en tout, comptabilise Serge Mazars, d\u00e9l\u00e9gu\u00e9 syndical de la CGT. C\u2019est la premi\u00e8re fois qu\u2019on a autant de personnes mobilis\u00e9es depuis le temps des retraites. Les parents nous ont entendus aussi, puisqu\u2019on a moiti\u00e9 moins d\u2019enfants aujourd\u2019hui.\u200a\u00bb<\/p>\n<p>Ils contestent leurs conditions de travail et des budgets r\u00e9duits. \u00ab\u200aNotre capital d\u2019empathie est important, surtout quand dans ces m\u00e9tiers. Et ils tirent l\u00e0-dessus\u200a\u00bb, poursuit le d\u00e9l\u00e9gu\u00e9 syndical.<\/p>\n<p>\u00ab\u200aOn nous a applaudis pendant quelque temps, avec le Covid, mais maintenant c\u2019est d\u00e9brouillez vous, gagnez moins, travaillez plus et taisez vous\u200a\u00bb, regrette le personnel de l\u2019IME. Ils devraient rejoindre les autres points de manifestations de la ville, apr\u00e8s concertation.<\/p>\n","protected":false},"excerpt":{"rendered":"\u00c0 l\u2019institut m\u00e9dico-\u00e9ducatif Camille-Veyron, \u00e0 Bourgoin-Jallieu, une petite dizaine d\u2019employ\u00e9s s\u2019est r\u00e9unie, avec \u00e9galement quelques personnes le centre&hellip;\n","protected":false},"author":2,"featured_media":379885,"comment_status":"","ping_status":"","sticky":false,"template":"","format":"standard","meta":{"footnotes":""},"categories":[9566],"tags":[1111,11,2430,12919,9671,33,115,112,113,116,111,114,1777,674,9592,1011,27,2731,108,15281,12,316,25,51321,7387,9433,51320,104,1584,7831],"class_list":{"0":"post-379884","1":"post","2":"type-post","3":"status-publish","4":"format-standard","5":"has-post-thumbnail","7":"category-grenoble","8":"tag-actu","9":"tag-actualites","10":"tag-auvergne-rhone-alpes","11":"tag-bourgoin-jallieu","12":"tag-conflit-social","13":"tag-economie","14":"tag-edition-bourgoin-jallieu-nord-dauphine","15":"tag-edition-grenoble-agglomeration","16":"tag-edition-gresivaudan-oisans","17":"tag-edition-la-tour-du-pin-nord-dauphine","18":"tag-edition-vienne-roussillon","19":"tag-edition-voiron-saint-marcellin","20":"tag-eu","21":"tag-europe","22":"tag-fontaine","23":"tag-fr","24":"tag-france","25":"tag-grenoble","26":"tag-isere","27":"tag-la-tour-du-pin","28":"tag-news","29":"tag-politique","30":"tag-republique-francaise","31":"tag-saint-jean-de-soudain","32":"tag-saint-marcellin","33":"tag-saint-quentin-fallavier","34":"tag-salaise-sur-sanne","35":"tag-societe","36":"tag-vienne","37":"tag-voiron"},"share_on_mastodon":{"url":"","error":"Validation failed: Text character limit of 500 exceeded"},"_links":{"self":[{"href":"https:\/\/www.europesays.com\/fr\/wp-json\/wp\/v2\/posts\/379884","targetHints":{"allow":["GET"]}}],"collection":[{"href":"https:\/\/www.europesays.com\/fr\/wp-json\/wp\/v2\/posts"}],"about":[{"href":"https:\/\/www.europesays.com\/fr\/wp-json\/wp\/v2\/types\/post"}],"author":[{"embeddable":true,"href":"https:\/\/www.europesays.com\/fr\/wp-json\/wp\/v2\/users\/2"}],"replies":[{"embeddable":true,"href":"https:\/\/www.europesays.com\/fr\/wp-json\/wp\/v2\/comments?post=379884"}],"version-history":[{"count":0,"href":"https:\/\/www.europesays.com\/fr\/wp-json\/wp\/v2\/posts\/379884\/revisions"}],"wp:featuredmedia":[{"embeddable":true,"href":"https:\/\/www.europesays.com\/fr\/wp-json\/wp\/v2\/media\/379885"}],"wp:attachment":[{"href":"https:\/\/www.europesays.com\/fr\/wp-json\/wp\/v2\/media?parent=379884"}],"wp:term":[{"taxonomy":"category","embeddable":true,"href":"https:\/\/www.europesays.com\/fr\/wp-json\/wp\/v2\/categories?post=379884"},{"taxonomy":"post_tag","embeddable":true,"href":"https:\/\/www.europesays.com\/fr\/wp-json\/wp\/v2\/tags?post=379884"}],"curies":[{"name":"wp","href":"https:\/\/api.w.org\/{rel}","templated":true}]}}