{"id":379887,"date":"2025-09-10T09:07:20","date_gmt":"2025-09-10T09:07:20","guid":{"rendered":"https:\/\/www.europesays.com\/fr\/379887\/"},"modified":"2025-09-10T09:07:20","modified_gmt":"2025-09-10T09:07:20","slug":"a-saint-jacques-de-la-lande-lamap-de-la-lande-un-groupe-de-citoyens-et-paysans-fete-ses","status":"publish","type":"post","link":"https:\/\/www.europesays.com\/fr\/379887\/","title":{"rendered":"\u00c0 Saint-Jacques-de-la-Lande, l\u2019Amap de la lande, un groupe de citoyens et paysans, f\u00eate ses"},"content":{"rendered":"<tr wp_automatic_readability=\"8.8421052631579\">\n<td valign=\"middle\" align=\"center\" class=\"col-logo\" wp_automatic_readability=\"5\">\n    <img decoding=\"async\" src=\"https:\/\/maville.com\/design\/images\/logo-of-monetise.svg?version=20130627\" alt=\"logo Ouest-France\" height=\"66\"\/><\/p>\n<p>Contenu r\u00e9serv\u00e9 aux abonn\u00e9s<\/p>\n<\/td>\n<td class=\"col-titre\">\n\t\t\tMercredi 10 septembre 2025 09:21<br \/>\n\t\t\t<a class=\"icon-bulle sizeL count\" href=\"#ancreAvis\"><br \/>\n\t&#8230;<br \/>\n<\/a><\/td>\n<\/tr>\n<p>\t\t<a class=\"mavillebox2 elmt-photo\" href=\"https:\/\/maville.com\/photosmvi\/2025\/09\/10\/P35453022D6968832G.jpg\" title=\" Tous les jeudis soir, \u00e0 l\u2019\u00c9pi Condorcet et \u00e0 la Maison Hubertine-Auclerc, les adh\u00e9rents de l\u2019Amap de la lande assurent la distribution des diff\u00e9rents paniers command\u00e9s pour une dur\u00e9e de six mois \u00e0 un an.  \u00a9  Ouest-France  &lt;!--TAG-BLC credit--&gt;\" rel=\"galerie_actu noopener\" target=\"_blank\"><br \/>\n\t<img decoding=\"async\" src=\"https:\/\/www.europesays.com\/fr\/wp-content\/uploads\/2025\/09\/P35453022D6968832G_crop_640-330_.jpg\" alt=\"photo  tous les jeudis soir, \u00e0 l\u2019\u00e9pi condorcet et \u00e0 la maison hubertine-auclerc, les adh\u00e9rents de l\u2019amap de la lande assurent la distribution des diff\u00e9rents paniers command\u00e9s pour une dur\u00e9e de six mois \u00e0 un an.  \u00a9  ouest-france \"\/><br \/>\n\t1<br \/>\n<\/a><\/p>\n<p class=\"elmt-legende\"> Tous les jeudis soir, \u00e0 l\u2019\u00c9pi Condorcet et \u00e0 la Maison Hubertine-Auclerc, les adh\u00e9rents de l\u2019Amap de la lande assurent la distribution des diff\u00e9rents paniers command\u00e9s pour une dur\u00e9e de six mois \u00e0 un an.  \u00a9  Ouest-France  <\/p>\n<p>\t\tEn septembre\u00a02010, un groupe de citoyens et de paysans bio lan\u00e7aient l\u2019Amap de la lande, \u00e0 Saint-Jacques-de-la-Lande (Ille-et-Vilaine). Quinze\u00a0ans apr\u00e8s, l\u2019association continue \u00e0 d\u00e9fendre la distribution de produits en circuit court et sans interm\u00e9diaire. Les curieux sont invit\u00e9s \u00e0 rejoindre le mouvement lors de l\u2019assembl\u00e9e g\u00e9n\u00e9rale, qui se d\u00e9roulera ce mercredi 10\u00a0septembre 2025.<\/p>\n<p><b>Cet article est r\u00e9serv\u00e9 aux abonn\u00e9s<\/b><\/p>\n<p>Pour un acc\u00e8s imm\u00e9diat, abonnez-vous<\/p>\n<p><b>1\u00e8re semaine offerte<\/b><\/p>\n<p>\t\tOuest-France<\/p>\n<p>Retrouvez d&rsquo;autres actus sur la commune de :<\/p>\n<p>\t\t&#13;<\/p>\n","protected":false},"excerpt":{"rendered":"Contenu r\u00e9serv\u00e9 aux abonn\u00e9s Mercredi 10 septembre 2025 09:21 &#8230; 1 Tous les jeudis soir, \u00e0 l\u2019\u00c9pi Condorcet&hellip;\n","protected":false},"author":2,"featured_media":379888,"comment_status":"","ping_status":"","sticky":false,"template":"","format":"standard","meta":{"footnotes":""},"categories":[2821],"tags":[9284,1111,11,19693,1764,829,28489,1777,674,4768,1011,27,2705,51322,12,51323,3086,584,25,18461],"class_list":{"0":"post-379887","1":"post","2":"type-post","3":"status-publish","4":"format-standard","5":"has-post-thumbnail","7":"category-rennes","8":"tag-9284","9":"tag-actu","10":"tag-actualites","11":"tag-amap","12":"tag-ans","13":"tag-bretagne","14":"tag-citoyens","15":"tag-eu","16":"tag-europe","17":"tag-fete","18":"tag-fr","19":"tag-france","20":"tag-groupe","21":"tag-lande","22":"tag-news","23":"tag-paysans","24":"tag-redon","25":"tag-rennes","26":"tag-republique-francaise","27":"tag-saint-jacques-de-la-lande"},"share_on_mastodon":{"url":"https:\/\/pubeurope.com\/@fr\/115179215179464767","error":""},"_links":{"self":[{"href":"https:\/\/www.europesays.com\/fr\/wp-json\/wp\/v2\/posts\/379887","targetHints":{"allow":["GET"]}}],"collection":[{"href":"https:\/\/www.europesays.com\/fr\/wp-json\/wp\/v2\/posts"}],"about":[{"href":"https:\/\/www.europesays.com\/fr\/wp-json\/wp\/v2\/types\/post"}],"author":[{"embeddable":true,"href":"https:\/\/www.europesays.com\/fr\/wp-json\/wp\/v2\/users\/2"}],"replies":[{"embeddable":true,"href":"https:\/\/www.europesays.com\/fr\/wp-json\/wp\/v2\/comments?post=379887"}],"version-history":[{"count":0,"href":"https:\/\/www.europesays.com\/fr\/wp-json\/wp\/v2\/posts\/379887\/revisions"}],"wp:featuredmedia":[{"embeddable":true,"href":"https:\/\/www.europesays.com\/fr\/wp-json\/wp\/v2\/media\/379888"}],"wp:attachment":[{"href":"https:\/\/www.europesays.com\/fr\/wp-json\/wp\/v2\/media?parent=379887"}],"wp:term":[{"taxonomy":"category","embeddable":true,"href":"https:\/\/www.europesays.com\/fr\/wp-json\/wp\/v2\/categories?post=379887"},{"taxonomy":"post_tag","embeddable":true,"href":"https:\/\/www.europesays.com\/fr\/wp-json\/wp\/v2\/tags?post=379887"}],"curies":[{"name":"wp","href":"https:\/\/api.w.org\/{rel}","templated":true}]}}