{"id":379889,"date":"2025-09-10T09:08:14","date_gmt":"2025-09-10T09:08:14","guid":{"rendered":"https:\/\/www.europesays.com\/fr\/379889\/"},"modified":"2025-09-10T09:08:14","modified_gmt":"2025-09-10T09:08:14","slug":"on-peut-comprendre-le-ras-le-bol-bloques-sur-la-rocade-de-rennes-les-automobilistes-resilients","status":"publish","type":"post","link":"https:\/\/www.europesays.com\/fr\/379889\/","title":{"rendered":"\u00ab\u00a0On peut comprendre le ras-le-bol\u00a0\u00bb\u00a0: bloqu\u00e9s sur la rocade de Rennes, les automobilistes r\u00e9silients"},"content":{"rendered":"<p>Principal point de blocage dans la m\u00e9tropole rennaise, la rocade au niveau du rond pont d\u2019Alma a \u00e9t\u00e9 bloqu\u00e9e un peu avant 7 h ce mercredi 10 septembre. Sur le rond-point de l\u2019Alma, Christophe, chef d\u2019entreprise et automobiliste bloqu\u00e9, expliquait : \u00ab Quand on voit la situation du pays, on peut comprendre le ras-le-bol qui s\u2019exprime l\u00e0. Ce matin, je ne pensais pas que les manifestants seraient autant. Je peux comprendre la col\u00e8re des gens. Le pays est dans une situation grave. \u00bb Un peu plus loin, Sybille, automobiliste bloqu\u00e9e elle aussi : \u00ab Je me doutais que ce serait dur de passer ici, ce matin. Je ne suis pas forc\u00e9ment contre l\u00a0id\u00e9e du blocage. J\u2019ai tent\u00e9 mais c\u2019est rat\u00e9. J\u2019allais \u00e0 mon travail. Je soutiens le mouvement. \u00bb<\/p>\n<p><img decoding=\"async\" src=\"https:\/\/www.europesays.com\/fr\/wp-content\/uploads\/2025\/09\/68c13dc11db04e4c09069bb2.1.jpeg\" width=\"480\" height=\"300\" class=\"web_golden_m\" loading=\"lazy\" alt=\"Yannick esp\u00e8re qu\u2019il n\u2019y aura pas d\u00e9bordement qui puisse nourrir de la r\u00e9cup\u00e9ration politique.\"\/>Yannick esp\u00e8re qu\u2019il n\u2019y aura pas d\u00e9bordement qui puisse nourrir de la r\u00e9cup\u00e9ration politique. (Le T\u00e9l\u00e9gramme\/Romain Leroux)<\/p>\n<p>Toujours vers 7 h 10, Yannick : \u00ab Je suis bloqu\u00e9 depuis dix minutes, je prends \u00e7a avec philosophie. C\u2019\u00e9tait pr\u00e9vu ! J\u2019avais anticip\u00e9 et j\u2019\u00e9tais parti plus t\u00f4t mais pas assez t\u00f4t. On va attendre. J\u2019esp\u00e8re qu\u2019il n\u2019y aura pas de violence, ni d\u00e9g\u00e2ts. Sinon ce sera r\u00e9cup\u00e9r\u00e9 au niveau politique. \u00bb<\/p>\n<p>\u00c9viter la rocade<\/p>\n<p>\u00c0 8 h, les forces de l\u2019ordre ont repris le rond-point d\u2019Alma et les pompiers sont sur place. Un bus de Star vient d\u2019\u00eatre incendi\u00e9. Suite aux nombreuses tentatives de blocage de la circulation en cours sur la rocade de Rennes et ses abords, notamment aux portes d\u2019Alma, de Maurepas, de Br\u00e9quigny et des Longs Champs, la pr\u00e9fecture demande aux automobilistes d\u2019\u00e9viter ces secteurs. \u00ab Pour la s\u00e9curit\u00e9 de tous, il est fortement recommand\u00e9 de ne pas se rendre \u00e0 Rennes en voiture et d\u2019\u00e9viter les secteurs impact\u00e9s.<\/p>\n<p>8 h 45. Le bus de la Star est enti\u00e8rement d\u00e9truit. La situation ne bouge pas \u00e0 Alma. Les forces de l\u2019ordre envoient des grenades d\u00e9sencerclantes de temps \u00e0 autre, mais les manifestants sont toujours pr\u00e9sents sur la rocade.<\/p>\n<p>Pas de pop-corn<\/p>\n<p>\u00c0 9 h 10, un manifestant propose des bonbons. Michel accepte : \u00ab Un petit bonbon ? \u00c7a rend l\u2019attente un peu moins longue, c\u2019est important de cr\u00e9er du lien avec les gens, car l\u00e0, on bloque tout le monde, \u00e7a fait chier tout le monde. L\u2019id\u00e9e au d\u00e9part, c\u2019\u00e9tait de faire un barrage filtrant mais c\u2019est parti en blocage total. \u00bb<\/p>\n<p>\u00c0 9 h 20, Martin, chauffeur routier : \u00ab J\u2019ai ramass\u00e9 une bombe lacrymog\u00e8ne tomb\u00e9e juste \u00e0 c\u00f4t\u00e9 de mon camion, c\u2019est une zone de guerre. Je l\u2019ai relanc\u00e9e. \u00c7a va. \u00c7a passe mais le tympan siffle un peu. On ne s\u2019attendait pas \u00e0 \u00e7a ce matin. Si j\u2019avais su, j\u2019aurais pris une autre route. J\u2019allais \u00e0 Lorient. J\u2019ai du pop-corn \u00e0 livrer au CGR de Lanester, ils n\u2019auront pas leur pop-corn aujourd\u2019hui, il y a plus grave. \u00bb<\/p>\n","protected":false},"excerpt":{"rendered":"Principal point de blocage dans la m\u00e9tropole rennaise, la rocade au niveau du rond pont d\u2019Alma a \u00e9t\u00e9&hellip;\n","protected":false},"author":2,"featured_media":379890,"comment_status":"","ping_status":"","sticky":false,"template":"","format":"standard","meta":{"footnotes":""},"categories":[2821],"tags":[1111,11,829,765,1777,674,1011,27,12,584,25],"class_list":{"0":"post-379889","1":"post","2":"type-post","3":"status-publish","4":"format-standard","5":"has-post-thumbnail","7":"category-rennes","8":"tag-actu","9":"tag-actualites","10":"tag-bretagne","11":"tag-en-continu","12":"tag-eu","13":"tag-europe","14":"tag-fr","15":"tag-france","16":"tag-news","17":"tag-rennes","18":"tag-republique-francaise"},"share_on_mastodon":{"url":"https:\/\/pubeurope.com\/@fr\/115179219045724432","error":""},"_links":{"self":[{"href":"https:\/\/www.europesays.com\/fr\/wp-json\/wp\/v2\/posts\/379889","targetHints":{"allow":["GET"]}}],"collection":[{"href":"https:\/\/www.europesays.com\/fr\/wp-json\/wp\/v2\/posts"}],"about":[{"href":"https:\/\/www.europesays.com\/fr\/wp-json\/wp\/v2\/types\/post"}],"author":[{"embeddable":true,"href":"https:\/\/www.europesays.com\/fr\/wp-json\/wp\/v2\/users\/2"}],"replies":[{"embeddable":true,"href":"https:\/\/www.europesays.com\/fr\/wp-json\/wp\/v2\/comments?post=379889"}],"version-history":[{"count":0,"href":"https:\/\/www.europesays.com\/fr\/wp-json\/wp\/v2\/posts\/379889\/revisions"}],"wp:featuredmedia":[{"embeddable":true,"href":"https:\/\/www.europesays.com\/fr\/wp-json\/wp\/v2\/media\/379890"}],"wp:attachment":[{"href":"https:\/\/www.europesays.com\/fr\/wp-json\/wp\/v2\/media?parent=379889"}],"wp:term":[{"taxonomy":"category","embeddable":true,"href":"https:\/\/www.europesays.com\/fr\/wp-json\/wp\/v2\/categories?post=379889"},{"taxonomy":"post_tag","embeddable":true,"href":"https:\/\/www.europesays.com\/fr\/wp-json\/wp\/v2\/tags?post=379889"}],"curies":[{"name":"wp","href":"https:\/\/api.w.org\/{rel}","templated":true}]}}