{"id":379893,"date":"2025-09-10T09:10:13","date_gmt":"2025-09-10T09:10:13","guid":{"rendered":"https:\/\/www.europesays.com\/fr\/379893\/"},"modified":"2025-09-10T09:10:13","modified_gmt":"2025-09-10T09:10:13","slug":"7-personnes-interpellees-par-la-police","status":"publish","type":"post","link":"https:\/\/www.europesays.com\/fr\/379893\/","title":{"rendered":"7 personnes interpell\u00e9es par la police"},"content":{"rendered":"<p>            Par<br \/>\n        <strong><br \/>\n            <a href=\"https:\/\/actu.fr\/auteur\/ivan-capecchi\" title=\"Consulter tous les articles de Ivan CAPECCHI\" target=\"_blank\" rel=\"noopener\">Ivan CAPECCHI<\/a><br \/>\n        <\/strong><\/p>\n<p>        Publi\u00e9 le<\/p>\n<p>            10 sept. 2025 \u00e0 10h13        <\/p>\n<p>Mercredi 10 septembre, apr\u00e8s le <strong>blocage de la M35 \u00e0 Strasbourg<\/strong>, sept personnes ont \u00e9t\u00e9 interpell\u00e9es par la <a href=\"https:\/\/actu.fr\/tag\/police\" target=\"_blank\" rel=\"noopener\">police<\/a>.<\/p>\n<p class=\" wall-content\">Six directement sur l\u2019autoroute, une au niveau de la <a href=\"https:\/\/actu.fr\/tag\/petite-france\" target=\"_blank\" rel=\"noopener\">Petite France<\/a>.\u00a0<\/p>\n<p class=\" wall-content\">\n<p>La M35 bloqu\u00e9e une heure environ ce mercredi 10 septembre<\/p>\n<p class=\" wall-content\">Pour rappel, la <a href=\"https:\/\/actu.fr\/grand-est\/strasbourg_67482\/blocage-du-10-septembre-a-strasbourg-des-manifestants-bloquent-la-m35-la-scene-filmee_63139496.html\" target=\"_blank\" rel=\"noopener\">M35 a \u00e9t\u00e9 bloqu\u00e9e environ une heure<\/a> dans les deux sens ce mercredi matin, \u00e0 hauteur de la <strong>plaine des Bouchers<\/strong>.<\/p>\n<p class=\" wall-content\">D\u2019apr\u00e8s la CRS autorouti\u00e8re jointe par nos soins,<strong> il n\u2019y a pas d\u2019autres blocages en cours<\/strong> \u00e0 l\u2019\u00e9chelle de l\u2019agglom\u00e9ration strasbourgeoise.<\/p>\n<p class=\" wall-content\">Cette action s\u2019inscrit dans le cadre du <a href=\"https:\/\/actu.fr\/grand-est\/strasbourg_67482\/transports-manifestation-greve-tout-ce-qu-il-faut-savoir-de-la-journee-du-10-septembre-a-strasbourg_63137750.html\" target=\"_blank\" rel=\"noopener\">mouvement \u00ab\u00a0Bloquons tout\u00a0\u00bb<\/a> qui prend corps un peu partout en France ce <strong>mercredi 10 septembre 2025<\/strong>.<\/p>\n<p class=\" wall-content\">Personnalisez votre actualit\u00e9 en ajoutant vos villes et m\u00e9dias en favori avec <a href=\"https:\/\/moncompte.actu.fr\" title=\"D\u00e9couvez Mon Actu\" rel=\"nofollow noopener\" data-trk=\"{&quot;cta&quot;:{&quot;action&quot;:&quot;https:\\\/\\\/moncompte.actu.fr&quot;,&quot;category&quot;:&quot;mon compte&quot;,&quot;from&quot;:&quot;article footer&quot;,&quot;name&quot;:&quot;Mon actu&quot;,&quot;type&quot;:&quot;cta&quot;}}\" target=\"_blank\">Mon Actu<\/a>.<\/p>\n","protected":false},"excerpt":{"rendered":"Par Ivan CAPECCHI Publi\u00e9 le 10 sept. 2025 \u00e0 10h13 Mercredi 10 septembre, apr\u00e8s le blocage de la&hellip;\n","protected":false},"author":2,"featured_media":379894,"comment_status":"","ping_status":"","sticky":false,"template":"","format":"standard","meta":{"footnotes":""},"categories":[2820],"tags":[1111,11,1777,674,1011,27,775,1272,12,1072,25,104,640],"class_list":{"0":"post-379893","1":"post","2":"type-post","3":"status-publish","4":"format-standard","5":"has-post-thumbnail","7":"category-strasbourg","8":"tag-actu","9":"tag-actualites","10":"tag-eu","11":"tag-europe","12":"tag-fr","13":"tag-france","14":"tag-grand-est","15":"tag-manifestations","16":"tag-news","17":"tag-police","18":"tag-republique-francaise","19":"tag-societe","20":"tag-strasbourg"},"share_on_mastodon":{"url":"https:\/\/pubeurope.com\/@fr\/115179226797706401","error":""},"_links":{"self":[{"href":"https:\/\/www.europesays.com\/fr\/wp-json\/wp\/v2\/posts\/379893","targetHints":{"allow":["GET"]}}],"collection":[{"href":"https:\/\/www.europesays.com\/fr\/wp-json\/wp\/v2\/posts"}],"about":[{"href":"https:\/\/www.europesays.com\/fr\/wp-json\/wp\/v2\/types\/post"}],"author":[{"embeddable":true,"href":"https:\/\/www.europesays.com\/fr\/wp-json\/wp\/v2\/users\/2"}],"replies":[{"embeddable":true,"href":"https:\/\/www.europesays.com\/fr\/wp-json\/wp\/v2\/comments?post=379893"}],"version-history":[{"count":0,"href":"https:\/\/www.europesays.com\/fr\/wp-json\/wp\/v2\/posts\/379893\/revisions"}],"wp:featuredmedia":[{"embeddable":true,"href":"https:\/\/www.europesays.com\/fr\/wp-json\/wp\/v2\/media\/379894"}],"wp:attachment":[{"href":"https:\/\/www.europesays.com\/fr\/wp-json\/wp\/v2\/media?parent=379893"}],"wp:term":[{"taxonomy":"category","embeddable":true,"href":"https:\/\/www.europesays.com\/fr\/wp-json\/wp\/v2\/categories?post=379893"},{"taxonomy":"post_tag","embeddable":true,"href":"https:\/\/www.europesays.com\/fr\/wp-json\/wp\/v2\/tags?post=379893"}],"curies":[{"name":"wp","href":"https:\/\/api.w.org\/{rel}","templated":true}]}}