{"id":379904,"date":"2025-09-10T09:16:17","date_gmt":"2025-09-10T09:16:17","guid":{"rendered":"https:\/\/www.europesays.com\/fr\/379904\/"},"modified":"2025-09-10T09:16:17","modified_gmt":"2025-09-10T09:16:17","slug":"le-jardin-de-ta-soeur-jardin-emblematique-des-chartrons-a-bordeaux-renait","status":"publish","type":"post","link":"https:\/\/www.europesays.com\/fr\/379904\/","title":{"rendered":"Le \u00ab Jardin de ta s\u0153ur \u00bb, jardin embl\u00e9matique des Chartrons \u00e0 Bordeaux, rena\u00eet"},"content":{"rendered":"<p>Le mardi 9 septembre, Pierre Hurmic, maire de Bordeaux, a inaugur\u00e9 la nouvelle version du Jardin de ta s\u0153ur, nich\u00e9 au c\u0153ur des Chartrons. Toi qui cherches un coin de verdure o\u00f9 fl\u00e2ner, jardiner, jouer ou simplement respirer, ce lieu de 8 000 m\u00b2 s\u2019offre un second souffle, con\u00e7u main dans la main avec les habitants.<\/p>\n<p>Une histoire n\u00e9e d\u2019un \u00e9lan citoyen<\/p>\n<p style=\"font-size:16px\">Si tu ne le connais pas encore, ce jardin a une histoire singuli\u00e8re. Au d\u00e9but des ann\u00e9es 2000, <strong>une friche menac\u00e9e par des projets immobiliers a mobilis\u00e9 les riverains<\/strong>. Associations, collectifs, dont <strong>Bruit du frigo<\/strong> et le <strong>centre social Bordeaux Nord<\/strong>, se sont unis pour pr\u00e9server cet espace et en faire un lieu partag\u00e9. Le nom insolite, <strong>\u00ab <a href=\"https:\/\/www.bordeaux.fr\/parc-jardin\/jardin-de-ta-soeur\" target=\"_blank\" rel=\"noreferrer noopener\">Jardin de ta s\u0153ur<\/a> \u00bb<\/strong>, choisi par les habitants, a marqu\u00e9 les esprits et symbolise depuis un \u00e9tat d\u2019esprit d\u00e9cal\u00e9 mais profond\u00e9ment convivial.<\/p>\n<p><img fetchpriority=\"high\" decoding=\"async\" width=\"1024\" height=\"580\" src=\"https:\/\/www.europesays.com\/fr\/wp-content\/uploads\/2025\/09\/france-bleu-1024x580.jpg\" alt=\"\" class=\"wp-image-83373\" style=\"width:722px;height:auto\"  \/>\u00a9France Bleu<\/p>\n<p>Un \u00e9crin vert pour tous les usages<\/p>\n<p style=\"font-size:16px\">Aujourd\u2019hui, le site a \u00e9t\u00e9 enti\u00e8rement repens\u00e9. Sur ses <strong>8 000 m\u00b2<\/strong>, plus de <strong>6 000 m\u00b2 sont v\u00e9g\u00e9talis\u00e9s<\/strong>. Tu pourras profiter d\u2019un <strong>verger de 22 arbres fruitiers<\/strong>, d\u2019une nouvelle <strong>aire de jeux<\/strong> pour les enfants, d\u2019une <strong>pergola v\u00e9g\u00e9talis\u00e9e<\/strong> pour te mettre \u00e0 l\u2019ombre, et m\u00eame d\u2019un <strong>caniparc<\/strong> pour laisser ton chien se d\u00e9fouler en toute s\u00e9curit\u00e9.<\/p>\n<p style=\"font-size:16px\">Et parce qu\u2019un jardin, c\u2019est aussi un lieu de rencontre, tout a \u00e9t\u00e9 pens\u00e9 pour la convivialit\u00e9 : <strong>14 bancs<\/strong>, <strong>4 tables de pique-nique<\/strong>, et <strong>3 fontaines \u00e0 eau<\/strong> (dont une sp\u00e9cialement pour les chiens) jalonnent le parcours. Les cheminements ont \u00e9t\u00e9 am\u00e9nag\u00e9s pour \u00eatre <strong>accessibles aux personnes \u00e0 mobilit\u00e9 r\u00e9duite<\/strong>, preuve que ce lieu se veut vraiment inclusif.<\/p>\n<p><img loading=\"lazy\" decoding=\"async\" width=\"1024\" height=\"683\" data-id=\"83371\" src=\"https:\/\/www.bougerabordeaux.com\/wp-content\/uploads\/2025\/09\/bx2-jardin-de-ta-soeur-1024x683.webp\" alt=\"\" class=\"wp-image-83371\"  \/>\u00a9Bordeaux <\/p>\n<p><img loading=\"lazy\" decoding=\"async\" width=\"1024\" height=\"683\" data-id=\"83370\" src=\"https:\/\/www.bougerabordeaux.com\/wp-content\/uploads\/2025\/09\/bx-jardin-de-ta-soeur-1024x683.webp\" alt=\"\" class=\"wp-image-83370\"  \/>\u00a9Bordeaux <\/p>\n<p>Plus qu\u2019un jardin, un lieu de vie<\/p>\n<p style=\"font-size:16px\">Le \u00ab <a href=\"https:\/\/www.bordeaux.fr\/parc-jardin\/jardin-de-ta-soeur\" target=\"_blank\" rel=\"noreferrer noopener\">Jardin de ta s\u0153ur<\/a> \u00bb reste fid\u00e8le \u00e0 son esprit d\u2019origine : un endroit pour se retrouver, partager et cultiver ensemble. Ici, tu pourras participer \u00e0 des animations, jardiner collectivement, laisser les enfants s\u2019amuser, ou simplement souffler au milieu du quartier. La biodiversit\u00e9, le lien social et le vivre-ensemble ne sont pas de grands mots : ils prennent racine, litt\u00e9ralement, dans ce nouvel am\u00e9nagement.<\/p>\n<p><img loading=\"lazy\" decoding=\"async\" width=\"1000\" height=\"750\" src=\"https:\/\/www.europesays.com\/fr\/wp-content\/uploads\/2025\/09\/citizen-kid.jpg\" alt=\"\" class=\"wp-image-83372\" style=\"width:628px;height:auto\"  \/>\u00a9Citizen Kid<\/p>\n<p style=\"font-size:16px\">Avec ses arbres fruitiers, son caniparc et ses espaces de d\u00e9tente, le \u00ab Jardin de ta s\u0153ur \u00bb version 2025 s\u2019impose comme un nouveau poumon vert des Chartrons, pens\u00e9 <strong>avec toi, pour toi<\/strong>.<\/p>\n<p style=\"font-size:16px\">\u00c0 lire aussi : <a href=\"https:\/\/www.bougerabordeaux.com\/sorties\/concertetfestival\/le-jost-prepare-sa-premiere-silent-party-a-bordeaux\/\" target=\"_blank\" rel=\"noreferrer noopener\">Le Jost pr\u00e9pare sa premi\u00e8re silent party \u00e0 Bordeaux !<\/a><\/p>\n","protected":false},"excerpt":{"rendered":"Le mardi 9 septembre, Pierre Hurmic, maire de Bordeaux, a inaugur\u00e9 la nouvelle version du Jardin de ta&hellip;\n","protected":false},"author":2,"featured_media":379905,"comment_status":"","ping_status":"","sticky":false,"template":"","format":"standard","meta":{"footnotes":""},"categories":[2817],"tags":[1111,11,1997,1777,674,1011,27,12,2219,25],"class_list":{"0":"post-379904","1":"post","2":"type-post","3":"status-publish","4":"format-standard","5":"has-post-thumbnail","7":"category-bordeaux","8":"tag-actu","9":"tag-actualites","10":"tag-bordeaux","11":"tag-eu","12":"tag-europe","13":"tag-fr","14":"tag-france","15":"tag-news","16":"tag-nouvelle-aquitaine","17":"tag-republique-francaise"},"share_on_mastodon":{"url":"https:\/\/pubeurope.com\/@fr\/115179250682035367","error":""},"_links":{"self":[{"href":"https:\/\/www.europesays.com\/fr\/wp-json\/wp\/v2\/posts\/379904","targetHints":{"allow":["GET"]}}],"collection":[{"href":"https:\/\/www.europesays.com\/fr\/wp-json\/wp\/v2\/posts"}],"about":[{"href":"https:\/\/www.europesays.com\/fr\/wp-json\/wp\/v2\/types\/post"}],"author":[{"embeddable":true,"href":"https:\/\/www.europesays.com\/fr\/wp-json\/wp\/v2\/users\/2"}],"replies":[{"embeddable":true,"href":"https:\/\/www.europesays.com\/fr\/wp-json\/wp\/v2\/comments?post=379904"}],"version-history":[{"count":0,"href":"https:\/\/www.europesays.com\/fr\/wp-json\/wp\/v2\/posts\/379904\/revisions"}],"wp:featuredmedia":[{"embeddable":true,"href":"https:\/\/www.europesays.com\/fr\/wp-json\/wp\/v2\/media\/379905"}],"wp:attachment":[{"href":"https:\/\/www.europesays.com\/fr\/wp-json\/wp\/v2\/media?parent=379904"}],"wp:term":[{"taxonomy":"category","embeddable":true,"href":"https:\/\/www.europesays.com\/fr\/wp-json\/wp\/v2\/categories?post=379904"},{"taxonomy":"post_tag","embeddable":true,"href":"https:\/\/www.europesays.com\/fr\/wp-json\/wp\/v2\/tags?post=379904"}],"curies":[{"name":"wp","href":"https:\/\/api.w.org\/{rel}","templated":true}]}}