{"id":37991,"date":"2025-04-20T04:29:09","date_gmt":"2025-04-20T04:29:09","guid":{"rendered":"https:\/\/www.europesays.com\/fr\/37991\/"},"modified":"2025-04-20T04:29:09","modified_gmt":"2025-04-20T04:29:09","slug":"congres-des-ecologistes-par-dela-la-victoire-en-beton-de-marine-tondelier-mediapart","status":"publish","type":"post","link":"https:\/\/www.europesays.com\/fr\/37991\/","title":{"rendered":"Congr\u00e8s des \u00c9cologistes : par-del\u00e0 la victoire en b\u00e9ton de Marine Tondelier &#8211; Mediapart"},"content":{"rendered":"<ol>\n<li><a href=\"https:\/\/news.google.com\/rss\/articles\/CBMiwAFBVV95cUxNQ0JpU09ma0U2SldUcngxTVNhSGYtTWU5TFZUQnlNaDJiNGxsN05YWHJkTjFEd1A4U1lYczM4bFd3RHRtS3BpSWh6M1p4Sm1kQkhUbklZSVN4enhvVVExOHFZZkFDdXhfdjFXemE2bXprUHpQM3JtY3pjTTVxTkpqdGRjZzdzQU01RnJvUW1Ub3lfWE9rMlNtMkFMVFNuU3dWWjktSkNjS3N3QjlvamMzRWprTFg4R21uU0tnYUZ5UU0?oc=5\" target=\"_blank\" rel=\"noopener\">Congr\u00e8s des \u00c9cologistes : par-del\u00e0 la victoire en b\u00e9ton de Marine Tondelier<\/a>&nbsp;&nbsp;Mediapart<\/li>\n<li><a href=\"https:\/\/news.google.com\/rss\/articles\/CBMilgJBVV95cUxQWnJjT1FuR2plR2Y2ck1PN2wxV0huMkFmOWc5bEtOUWhwdHBfTjRfTGJBeGlDaDVUdWU0dkVVYnR6OURZeGNOOEJjTzNMellnTU1OLW5hSVllUUhMc2p2ZXNfNzRLaGFUemQ2dmpYSElpc0dwSDFKV0xoU1BnZF8zczZUSk8ySmh5LVA0bnU1OWZ2OGdUekZDWnZEbkRNSUJxcjEwSDN4THhGa2lDaGhIekFuamRZeUZWR3VTcUpTd1ltTE1RQWVvejhBUjFtbVFQdnBSbU5oT2ZiZEhRTl9oUFJwbkRGNk41ZWVwYTdzWG5lTTdzLTAwRXR3X3NxUHFzMEVZMWV4Z2tRMGZNUF91bGZsOVF1Zw?oc=5\" target=\"_blank\" rel=\"noopener\">R\u00e9\u00e9lue facilement \u00e0 la t\u00eate des Ecologistes, Marine Tondelier met le cap sur les \u00e9lections municipales et l\u2019union de la gauche<\/a>&nbsp;&nbsp;Le Monde.fr<\/li>\n<li><a href=\"https:\/\/news.google.com\/rss\/articles\/CBMirwFBVV95cUxPcDhpWkxYbFFIbHI1WmYtdG9UMlhESnhsSW1Ldm9oRTRyWTkyU3d2LUVKTW5fSEJzdl9kTDNlTUJiY05tRGVMUklnakI0MXpDZ2pqS1BLU0x6SnZ2R3ZBN2pXQnlOcTZ0T3VPQzVWeEtsclZiOXRUMjloLXFyWWZKWER6NWtkZ21NN3dEWlREM3cwY1IxNTc0bFEyY0JROG1Xc0pyRHFXanl4UWZjS2gw?oc=5\" target=\"_blank\" rel=\"noopener\">Congr\u00e8s 2025 : r\u00e9sultats des votes du 16 au 18 avril 2025<\/a>&nbsp;&nbsp;Les \u00c9cologistes<\/li>\n<li><a href=\"https:\/\/news.google.com\/rss\/articles\/CBMi-wFBVV95cUxQMEhYdTg1UTJvQzRaOUx5Ni0yam11U2c5SUo0bEkyVm5TenhhQmVjMS1yejYybW85ZXpoWmNHR0tPTXlneGdKcmJDaE1FSnk1ODNLSHp1Q0dpN3JuXzdWWXBJQnA2di1FS3pDYlJieGg3UUdaeWw5WUxzWEd5djBLQzlNeHQ5emxjQkREdzJ6LXJ2Y2xyN3Jsb2J2dHZ4UTZjRGpNZ3dUSmtpZ3hHNkRvUzJZMS00T1pMbEhlVmFlc2RpTmE0Rmh5ajhHLUVoZ0MxVmVzd0w4Mi1OdU5jeFJkSERSTExfNTl5UHRZd29sWkhObWFPeXR5eF9hUQ?oc=5\" target=\"_blank\" rel=\"noopener\">Marine Tondelier r\u00e9\u00e9lue \u00e0 la t\u00eate des \u00c9cologistes, Sandrine Rousseau \u00e9choue \u00e0 entrer au bureau politique<\/a>&nbsp;&nbsp;Sud Ouest<\/li>\n<li><a href=\"https:\/\/news.google.com\/rss\/articles\/CBMitAFBVV95cUxONnNyV0c5SWJvcXRMdmpCcTQwM0p3NWlRdVlwRmJ3V0FkX2k3Mm9rUjN1RTRSVXMyWEo4aFFvTnhUTVlkZE43RTFaNlRmWGJNbnplSEpCYU1Ncm14TExha3ZrSy1LSmI2VFYxRXA5Z1VQcjdRNUwtcUNWZ1JtTEtiZHI0RkQ5Q0ZZeW5kcW1fMDAtZFVlT2RCUjZDU1hjQUlUR1hWMnM5NG9yTmJqc0RXbTFha0g?oc=5\" target=\"_blank\" rel=\"noopener\">Marine Tondelier r\u00e9\u00e9lue \u00e0 la t\u00eate des Ecologistes a tout d\u2019une g\u00e9ante verte<\/a>&nbsp;&nbsp;20 Minutes<\/li>\n<\/ol>\n","protected":false},"excerpt":{"rendered":"Congr\u00e8s des \u00c9cologistes : par-del\u00e0 la victoire en b\u00e9ton de Marine Tondelier&nbsp;&nbsp;Mediapart R\u00e9\u00e9lue facilement \u00e0 la t\u00eate des&hellip;\n","protected":false},"author":2,"featured_media":37992,"comment_status":"","ping_status":"","sticky":false,"template":"","format":"standard","meta":{"footnotes":""},"categories":[4],"tags":[11,3079,1011,27,7740,3539,4729,12,12017,25],"class_list":{"0":"post-37991","1":"post","2":"type-post","3":"status-publish","4":"format-standard","5":"has-post-thumbnail","7":"category-france","8":"tag-actualites","9":"tag-election-presidentielle-2027","10":"tag-fr","11":"tag-france","12":"tag-gauches","13":"tag-les-ecologistes","14":"tag-marine-tondelier","15":"tag-news","16":"tag-nouveau-front-populaire","17":"tag-republique-francaise"},"share_on_mastodon":{"url":"https:\/\/pubeurope.com\/@fr\/114368411280589660","error":""},"_links":{"self":[{"href":"https:\/\/www.europesays.com\/fr\/wp-json\/wp\/v2\/posts\/37991","targetHints":{"allow":["GET"]}}],"collection":[{"href":"https:\/\/www.europesays.com\/fr\/wp-json\/wp\/v2\/posts"}],"about":[{"href":"https:\/\/www.europesays.com\/fr\/wp-json\/wp\/v2\/types\/post"}],"author":[{"embeddable":true,"href":"https:\/\/www.europesays.com\/fr\/wp-json\/wp\/v2\/users\/2"}],"replies":[{"embeddable":true,"href":"https:\/\/www.europesays.com\/fr\/wp-json\/wp\/v2\/comments?post=37991"}],"version-history":[{"count":0,"href":"https:\/\/www.europesays.com\/fr\/wp-json\/wp\/v2\/posts\/37991\/revisions"}],"wp:featuredmedia":[{"embeddable":true,"href":"https:\/\/www.europesays.com\/fr\/wp-json\/wp\/v2\/media\/37992"}],"wp:attachment":[{"href":"https:\/\/www.europesays.com\/fr\/wp-json\/wp\/v2\/media?parent=37991"}],"wp:term":[{"taxonomy":"category","embeddable":true,"href":"https:\/\/www.europesays.com\/fr\/wp-json\/wp\/v2\/categories?post=37991"},{"taxonomy":"post_tag","embeddable":true,"href":"https:\/\/www.europesays.com\/fr\/wp-json\/wp\/v2\/tags?post=37991"}],"curies":[{"name":"wp","href":"https:\/\/api.w.org\/{rel}","templated":true}]}}