{"id":379910,"date":"2025-09-10T09:19:18","date_gmt":"2025-09-10T09:19:18","guid":{"rendered":"https:\/\/www.europesays.com\/fr\/379910\/"},"modified":"2025-09-10T09:19:18","modified_gmt":"2025-09-10T09:19:18","slug":"a-lille-deux-jours-de-braderie-festive-et-solidaire-au-profit-des-clowns-de-lespoir","status":"publish","type":"post","link":"https:\/\/www.europesays.com\/fr\/379910\/","title":{"rendered":"\u00c0 Lille, deux jours de braderie festive et solidaire au profit des Clowns de l\u2019espoir"},"content":{"rendered":"<p>            Par<br \/>\n        <strong><br \/>\n            <a href=\"https:\/\/actu.fr\/auteur\/amandine-vachez\" title=\"Consulter tous les articles de Amandine Vachez\" target=\"_blank\" rel=\"noopener\">Amandine Vachez<\/a><br \/>\n        <\/strong><\/p>\n<p>        Publi\u00e9 le<\/p>\n<p>            10 sept. 2025 \u00e0 10h50        <\/p>\n<p>Voil\u00e0 un \u00e9v\u00e9nement qui devrait attirer du monde\u2009! Une <b>braderie festive et solidaire<\/b> se tiendra \u00e0 <a href=\"https:\/\/actu.fr\/lille\/\" target=\"_blank\" rel=\"noopener\">Lille<\/a> (Nord) les <b>vendredi\u00a012 et samedi 13\u00a0septembre 2025.<\/b> Cette vente est organis\u00e9e au profit de l\u2019<b>association Les Clowns de l\u2019espoir.<\/b><\/p>\n<p>\u00ab\u2009V\u00eatements ultra-styl\u00e9s et accessoires pour tous\u2009\u00bb<\/p>\n<p class=\" wall-content\">Pendant deux jours, cette vente se tiendra au Gymnase de Lille. Vous pourrez y trouver des \u00ab\u2009v\u00eatements ultra-styl\u00e9s, jouets, livres et accessoires pour tous\u2009\u00bb, annonce l\u2019association. Certains articles seront neufs, d\u2019autres de seconde main.<\/p>\n<p class=\" wall-content\">C\u2019est l\u2019occasion de trouver<b> des p\u00e9pites \u00e0 moindre co\u00fbt<\/b>, tout en<b> soutenant une association<\/b> dont la mission est d\u2019 \u00ab\u2009apporter joie, rires et r\u00e9confort aux enfants hospitalis\u00e9s et \u00e0 leurs familles\u2009\u00bb.<\/p>\n<p>Une f\u00eate solidaire<\/p>\n<p class=\" wall-content\">\u00ab\u2009Plus qu\u2019un simple rendez-vous, cette braderie est une v\u00e9ritable f\u00eate solidaire o\u00f9 les visiteurs pourront rencontrer des b\u00e9n\u00e9voles, d\u00e9couvrir les actions de l\u2019association et participer, par leurs achats, au financement des visites de clowns hospitaliers et des marchands de sable dans les services p\u00e9diatriques\u2009\u00bb, pr\u00e9sente l\u2019organisation.<\/p>\n<p>    <a href=\"https:\/\/www.facebook.com\/plugins\/post.php?href=https%3A%2F%2Fwww.facebook.com%2Fpermalink.php%3Fstory_fbid%3Dpfbid02JiCivqW66s4ytrMU9kKBprGxjF4MLLGhni242fAocn1JjfBSTU6XSgfwSAMpdwmSl%26id%3D100064396251336&amp;show_text=true&amp;width=350\" title=\"Ouvrie le lien\" target=\"_blank\" rel=\"noopener\">Cliquez ici pour visualiser le contenu<\/a><\/p>\n<p class=\" wall-content\">En pratique, la vente se tiendra le vendredi 12\u00a0septembre, de 16\u2009h \u00e0 21\u2009h, et le samedi 13\u00a0septembre, de 9\u2009h \u00e0 19\u2009h au Gymnase (7, place S\u00e9bastopol \u00e0 Lille). L\u2019acc\u00e8s en m\u00e9tro se fait depuis la station R\u00e9publique \u2013 Beaux-arts (ligne 1).<\/p>\n<p class=\" wall-content\">Personnalisez votre actualit\u00e9 en ajoutant vos villes et m\u00e9dias en favori avec <a href=\"https:\/\/moncompte.actu.fr\" title=\"D\u00e9couvez Mon Actu\" rel=\"nofollow noopener\" data-trk=\"{&quot;cta&quot;:{&quot;action&quot;:&quot;https:\\\/\\\/moncompte.actu.fr&quot;,&quot;category&quot;:&quot;mon compte&quot;,&quot;from&quot;:&quot;article footer&quot;,&quot;name&quot;:&quot;Mon actu&quot;,&quot;type&quot;:&quot;cta&quot;}}\" target=\"_blank\">Mon Actu<\/a>.<\/p>\n","protected":false},"excerpt":{"rendered":"Par Amandine Vachez Publi\u00e9 le 10 sept. 2025 \u00e0 10h50 Voil\u00e0 un \u00e9v\u00e9nement qui devrait attirer du monde\u2009!&hellip;\n","protected":false},"author":2,"featured_media":379911,"comment_status":"","ping_status":"","sticky":false,"template":"","format":"standard","meta":{"footnotes":""},"categories":[2815],"tags":[1111,11,6557,1777,674,1011,27,811,1307,1652,12,25,3400],"class_list":{"0":"post-379910","1":"post","2":"type-post","3":"status-publish","4":"format-standard","5":"has-post-thumbnail","7":"category-lille","8":"tag-actu","9":"tag-actualites","10":"tag-bon-plan-a-lille","11":"tag-eu","12":"tag-europe","13":"tag-fr","14":"tag-france","15":"tag-hauts-de-france","16":"tag-lille","17":"tag-loisirs-culture","18":"tag-news","19":"tag-republique-francaise","20":"tag-solidarite"},"share_on_mastodon":{"url":"https:\/\/pubeurope.com\/@fr\/115179262261222229","error":""},"_links":{"self":[{"href":"https:\/\/www.europesays.com\/fr\/wp-json\/wp\/v2\/posts\/379910","targetHints":{"allow":["GET"]}}],"collection":[{"href":"https:\/\/www.europesays.com\/fr\/wp-json\/wp\/v2\/posts"}],"about":[{"href":"https:\/\/www.europesays.com\/fr\/wp-json\/wp\/v2\/types\/post"}],"author":[{"embeddable":true,"href":"https:\/\/www.europesays.com\/fr\/wp-json\/wp\/v2\/users\/2"}],"replies":[{"embeddable":true,"href":"https:\/\/www.europesays.com\/fr\/wp-json\/wp\/v2\/comments?post=379910"}],"version-history":[{"count":0,"href":"https:\/\/www.europesays.com\/fr\/wp-json\/wp\/v2\/posts\/379910\/revisions"}],"wp:featuredmedia":[{"embeddable":true,"href":"https:\/\/www.europesays.com\/fr\/wp-json\/wp\/v2\/media\/379911"}],"wp:attachment":[{"href":"https:\/\/www.europesays.com\/fr\/wp-json\/wp\/v2\/media?parent=379910"}],"wp:term":[{"taxonomy":"category","embeddable":true,"href":"https:\/\/www.europesays.com\/fr\/wp-json\/wp\/v2\/categories?post=379910"},{"taxonomy":"post_tag","embeddable":true,"href":"https:\/\/www.europesays.com\/fr\/wp-json\/wp\/v2\/tags?post=379910"}],"curies":[{"name":"wp","href":"https:\/\/api.w.org\/{rel}","templated":true}]}}