{"id":379912,"date":"2025-09-10T09:20:11","date_gmt":"2025-09-10T09:20:11","guid":{"rendered":"https:\/\/www.europesays.com\/fr\/379912\/"},"modified":"2025-09-10T09:20:11","modified_gmt":"2025-09-10T09:20:11","slug":"bloquons-tout-ce-quil-faut-savoir-sur-la-mobilisation-du-10-septembre-a-lille","status":"publish","type":"post","link":"https:\/\/www.europesays.com\/fr\/379912\/","title":{"rendered":"\u00ab\u00a0Bloquons tout\u00a0\u00bb\u00a0: ce qu\u2019il faut savoir sur la mobilisation du 10 septembre \u00e0 Lille"},"content":{"rendered":"<p><b>Pourquoi ce mouvement\u00a0?<\/b>&#13;<\/p>\n<p>Derri\u00e8re le slogan <strong>\u00ab\u00a0Bloquons tout\u00a0\u00bb, une contestation sociale partie cet \u00e9t\u00e9 sur les r\u00e9seaux<\/strong>. Pouvoir d\u2019achat, d\u00e9cisions du gouvernement, inqui\u00e9tudes du quotidien\u2026 Le mot d\u2019ordre\u00a0: paralyser pour se faire entendre. Soutenu par plusieurs syndicats dont la CGT, le mouvement s\u2019organise de mani\u00e8re d\u00e9centralis\u00e9e, entre assembl\u00e9es g\u00e9n\u00e9rales et actions surprises.<\/p>\n<p>&#13;<br \/>\n<b>Ce qu\u2019il faut retenir \u00e0 Lille ce matin<\/b>&#13;<\/p>\n<p>D\u00e8s l\u2019aube, <strong>plusieurs points n\u00e9vralgiques ont \u00e9t\u00e9 perturb\u00e9s.<\/strong> Sur l\u2019<a href=\"https:\/\/www.lebonbon.fr\/lille\/news\/lille-paris-autoroute-a1-fermee-cet-ete\/\" target=\"_blank\" rel=\"noopener\">A1 <\/a>et l\u2019A25, les automobilistes ont connu jusqu\u2019\u00e0 une heure de bouchons avant un retour progressif \u00e0 la normale. L\u2019entrep\u00f4t Amazon de Lauwin-Planque a \u00e9t\u00e9 bloqu\u00e9 d\u00e8s 5 heures du matin, pendant que des lyc\u00e9ens se mobilisaient devant Pasteur et Montebello. Dans le Valenciennois comme du c\u00f4t\u00e9 de Dunkerque, des barrages filtrants ont \u00e9galement ralenti la circulation. La pr\u00e9fecture avait annonc\u00e9 la couleur\u00a0: <strong>80 000 policiers et gendarmes sont d\u00e9ploy\u00e9s <\/strong>au niveau national, avec une forte pr\u00e9sence \u00e0 Lille.<\/p>\n<p>&#13;<\/p>\n<blockquote class=\"instagram-media\" data-instgrm-permalink=\"https:\/\/www.instagram.com\/p\/DOVwfptCKEX\/?utm_source=ig_embed&amp;utm_campaign=loading\" data-instgrm-version=\"14\" style=\"background: #FFF; border: 0; border-radius: 3px; box-shadow: 0 0 1px 0 rgba(0,0,0,0.5),0 1px 10px 0 rgba(0,0,0,0.15); margin: 1px; max-width: 540px; min-width: 326px; padding: 0; width: calc(100% - 2px);\"><p>&#13;<br \/>\n&#13;\n<\/p><\/blockquote>\n<p>&#13;<br \/>\n&#13;<br \/>\n<b>Quand les \u00e9tablissements lillois se mettent en gr\u00e8ve<\/b>&#13;<\/p>\n<p>Le mouvement touche aussi les lieux de vie. Plusieurs \u00e9tablissements lillois ont d\u00e9cid\u00e9 de fermer leurs portes ce mercredi. C\u2019est le cas du resto-bar collaboratif <b>Les Oiseaux<\/b>, de la librairie f\u00e9ministe <b>L\u2019Affranchie<\/b>, des caf\u00e9s-bars coop\u00e9ratifs <b>Les Sarrazins<\/b> et <a href=\"https:\/\/www.lebonbon.fr\/lille\/les-tops-food-et-drink\/cafes-cosy-rechauffer-chiller-lille\/\" target=\"_blank\" rel=\"noopener\"><b>Le Bus Magique<\/b><\/a>, des bars<a href=\"https:\/\/www.lebonbon.fr\/lille\/drink\/meilleurs-bars-gay-lille\/\" target=\"_blank\" rel=\"noopener\"> <b>La Griffe<\/b> et <b>Lokarria<\/b>,<\/a> de la micro-brasserie <b>Le Singe Savant<\/b> ou encore de la friperie solidaire <b>Ephatha<\/b>. Tous affichent un soutien clair au mouvement \u00ab\u00a0Bloquons tout\u00a0\u00bb et veulent donner de la visibilit\u00e9 \u00e0 une mobilisation nationale jug\u00e9e essentielle pour d\u00e9fendre les plus pr\u00e9caires.<\/p>\n<p>&#13;<\/p>\n<p>Le <b>Caf\u00e9 Citoyen<\/b> a lui choisi de fermer jusqu\u2019\u00e0 la fin de la manifestation, avant de reverser ses b\u00e9n\u00e9fices \u00e0 une caisse de gr\u00e8ve intersyndicale. La <b>Moulinette<\/b>, caf\u00e9 citoyen du boulevard Victor Hugo, reste quant \u00e0 elle ouverte, mais uniquement sur des horaires adapt\u00e9s et sans paiement par carte bleue. Une fa\u00e7on de soutenir le mouvement tout en gardant ses portes ouvertes.<\/p>\n<p>&#13;<br \/>\n<b>Et cet apr\u00e8s-midi\u00a0?<\/b>&#13;<\/p>\n<p>Difficile de pr\u00e9dire l\u2019ampleur exacte du mouvement \u00e0 Lille, mais la grande manifestation est confirm\u00e9e \u00e0 <b>14h30, Porte de Paris<\/b>. Elle b\u00e9n\u00e9ficie du soutien de la CGT et de plusieurs syndicats \u00e9tudiants, m\u00eame si aucun blocage n\u2019a \u00e9t\u00e9 annonc\u00e9 dans les campus de l\u2019Universit\u00e9 de Lille. Des groupes Telegram appellent cependant \u00e0 multiplier les actions spontan\u00e9es.<\/p>\n<p><script async src=\"\/\/www.instagram.com\/embed.js\"><\/script><\/p>\n","protected":false},"excerpt":{"rendered":"Pourquoi ce mouvement\u00a0?&#13; Derri\u00e8re le slogan \u00ab\u00a0Bloquons tout\u00a0\u00bb, une contestation sociale partie cet \u00e9t\u00e9 sur les r\u00e9seaux. Pouvoir&hellip;\n","protected":false},"author":2,"featured_media":379913,"comment_status":"","ping_status":"","sticky":false,"template":"","format":"standard","meta":{"footnotes":""},"categories":[2815],"tags":[1111,11,1777,674,1011,27,811,1307,12,25],"class_list":{"0":"post-379912","1":"post","2":"type-post","3":"status-publish","4":"format-standard","5":"has-post-thumbnail","7":"category-lille","8":"tag-actu","9":"tag-actualites","10":"tag-eu","11":"tag-europe","12":"tag-fr","13":"tag-france","14":"tag-hauts-de-france","15":"tag-lille","16":"tag-news","17":"tag-republique-francaise"},"share_on_mastodon":{"url":"https:\/\/pubeurope.com\/@fr\/115179266016204830","error":""},"_links":{"self":[{"href":"https:\/\/www.europesays.com\/fr\/wp-json\/wp\/v2\/posts\/379912","targetHints":{"allow":["GET"]}}],"collection":[{"href":"https:\/\/www.europesays.com\/fr\/wp-json\/wp\/v2\/posts"}],"about":[{"href":"https:\/\/www.europesays.com\/fr\/wp-json\/wp\/v2\/types\/post"}],"author":[{"embeddable":true,"href":"https:\/\/www.europesays.com\/fr\/wp-json\/wp\/v2\/users\/2"}],"replies":[{"embeddable":true,"href":"https:\/\/www.europesays.com\/fr\/wp-json\/wp\/v2\/comments?post=379912"}],"version-history":[{"count":0,"href":"https:\/\/www.europesays.com\/fr\/wp-json\/wp\/v2\/posts\/379912\/revisions"}],"wp:featuredmedia":[{"embeddable":true,"href":"https:\/\/www.europesays.com\/fr\/wp-json\/wp\/v2\/media\/379913"}],"wp:attachment":[{"href":"https:\/\/www.europesays.com\/fr\/wp-json\/wp\/v2\/media?parent=379912"}],"wp:term":[{"taxonomy":"category","embeddable":true,"href":"https:\/\/www.europesays.com\/fr\/wp-json\/wp\/v2\/categories?post=379912"},{"taxonomy":"post_tag","embeddable":true,"href":"https:\/\/www.europesays.com\/fr\/wp-json\/wp\/v2\/tags?post=379912"}],"curies":[{"name":"wp","href":"https:\/\/api.w.org\/{rel}","templated":true}]}}