{"id":379914,"date":"2025-09-10T09:21:13","date_gmt":"2025-09-10T09:21:13","guid":{"rendered":"https:\/\/www.europesays.com\/fr\/379914\/"},"modified":"2025-09-10T09:21:13","modified_gmt":"2025-09-10T09:21:13","slug":"rendez-vous-samedi-au-stade-nautique-municipal-pour-profiter-dun-tournoi-de-joutes-provencales-13-09-2025-marseille","status":"publish","type":"post","link":"https:\/\/www.europesays.com\/fr\/379914\/","title":{"rendered":"Rendez-vous samedi au Stade nautique municipal pour profiter d&rsquo;un Tournoi de joutes proven\u00e7ales &#8211; 13\/09\/2025 &#8211; Marseille"},"content":{"rendered":"<p>Le\u00a0Stade nautique municipal Florence Arthaud sera anim\u00e9 ce samedi puisque se tiendra un\u00a0Tournoi de joutes proven\u00e7ales !<\/p>\n<p>&#13;<\/p>\n<p>\u00a0La joute proven\u00e7ale est un combat sur l\u2019eau entre deux personnes se trouvant chacune sur un bateau, en haut d\u2019un plateau.<\/p>\n<p>&#13;<\/p>\n<p>Le but du jeu consiste \u00e0 envoyer son adversaire \u00e0 l\u2019eau au moyen d\u2019une lance. Chaque jouteur est prot\u00e9g\u00e9 par un plastron en bois et tient dans la main gauche un t\u00e9moin qui doit l\u2019emp\u00eacher d\u2019attraper la lance de son adversaire.<\/p>\n<p>&#13;<\/p>\n<p><strong>Au programme de la journ\u00e9e :\u00a0<\/strong><\/p>\n<p>&#13;<\/p>\n<p>14h \u00e0 19h : Tournoi<br \/>19h \u00e0 21h : Foodtruck et animation musicale<\/p>\n","protected":false},"excerpt":{"rendered":"Le\u00a0Stade nautique municipal Florence Arthaud sera anim\u00e9 ce samedi puisque se tiendra un\u00a0Tournoi de joutes proven\u00e7ales ! &#13;&hellip;\n","protected":false},"author":2,"featured_media":379915,"comment_status":"","ping_status":"","sticky":false,"template":"","format":"standard","meta":{"footnotes":""},"categories":[2814],"tags":[1111,11,1777,674,1011,27,884,12,882,25],"class_list":{"0":"post-379914","1":"post","2":"type-post","3":"status-publish","4":"format-standard","5":"has-post-thumbnail","7":"category-marseille","8":"tag-actu","9":"tag-actualites","10":"tag-eu","11":"tag-europe","12":"tag-fr","13":"tag-france","14":"tag-marseille","15":"tag-news","16":"tag-provence-alpes-cote-dazur","17":"tag-republique-francaise"},"share_on_mastodon":{"url":"https:\/\/pubeurope.com\/@fr\/115179270298474564","error":""},"_links":{"self":[{"href":"https:\/\/www.europesays.com\/fr\/wp-json\/wp\/v2\/posts\/379914","targetHints":{"allow":["GET"]}}],"collection":[{"href":"https:\/\/www.europesays.com\/fr\/wp-json\/wp\/v2\/posts"}],"about":[{"href":"https:\/\/www.europesays.com\/fr\/wp-json\/wp\/v2\/types\/post"}],"author":[{"embeddable":true,"href":"https:\/\/www.europesays.com\/fr\/wp-json\/wp\/v2\/users\/2"}],"replies":[{"embeddable":true,"href":"https:\/\/www.europesays.com\/fr\/wp-json\/wp\/v2\/comments?post=379914"}],"version-history":[{"count":0,"href":"https:\/\/www.europesays.com\/fr\/wp-json\/wp\/v2\/posts\/379914\/revisions"}],"wp:featuredmedia":[{"embeddable":true,"href":"https:\/\/www.europesays.com\/fr\/wp-json\/wp\/v2\/media\/379915"}],"wp:attachment":[{"href":"https:\/\/www.europesays.com\/fr\/wp-json\/wp\/v2\/media?parent=379914"}],"wp:term":[{"taxonomy":"category","embeddable":true,"href":"https:\/\/www.europesays.com\/fr\/wp-json\/wp\/v2\/categories?post=379914"},{"taxonomy":"post_tag","embeddable":true,"href":"https:\/\/www.europesays.com\/fr\/wp-json\/wp\/v2\/tags?post=379914"}],"curies":[{"name":"wp","href":"https:\/\/api.w.org\/{rel}","templated":true}]}}