{"id":379918,"date":"2025-09-10T09:23:11","date_gmt":"2025-09-10T09:23:11","guid":{"rendered":"https:\/\/www.europesays.com\/fr\/379918\/"},"modified":"2025-09-10T09:23:11","modified_gmt":"2025-09-10T09:23:11","slug":"les-reactions-des-deputes-de-lyon-a-la-nomination-de-sebastien-lecornu","status":"publish","type":"post","link":"https:\/\/www.europesays.com\/fr\/379918\/","title":{"rendered":"les r\u00e9actions des d\u00e9put\u00e9s de Lyon \u00e0 la nomination de S\u00e9bastien Lecornu"},"content":{"rendered":"<p>                            <img loading=\"lazy\" width=\"1200\" height=\"750\" class=\"attachment-article size-article wp-post-image lazyload\" alt=\"nouveau front populaire lyon\" decoding=\"async\" src=\"https:\/\/www.europesays.com\/fr\/wp-content\/uploads\/2025\/09\/GR9c9QPWwAAPiJ4-e1752658041161.jpeg\" data-eio-rwidth=\"1200\" data-eio-rheight=\"750\"\/><\/p>\n<p>Les quatre d\u00e9put\u00e9s de Lyon du nouveau front populaire. (@Marie-Charlotte Garin sur X)<\/p>\n<p class=\"content\" style=\"font-size:1.2em;font-weight:700\">La nomination de S\u00e9bastien Lecornu \u00e0 Matignon suscite l&rsquo;ire des d\u00e9put\u00e9s de gauche \u00e0 Lyon.<\/p>\n<p>Il nous avait habitu\u00e9 \u00e0 prendre son temps, il a surpris son monde. Quelques heures seulement apr\u00e8s la d\u00e9mission de Fran\u00e7ois Bayrou, Emmanuel Macron a nomm\u00e9 son ministre des Arm\u00e9es \u00e0 Matignon, S\u00e9bastien Lecornu. Fid\u00e8le du Pr\u00e9sident de la R\u00e9publique, le nouveau chef de gouvernement irrite forc\u00e9ment l&rsquo;opposition. <\/p>\n<p>\u00ab\u00a0Fid\u00e8le de la premi\u00e8re heure, anti-mariage pour tous, qui d\u00eene avec Le Pen et Bardella\u00a0\u00bb<\/p>\n<p>\u00c0 Lyon, la d\u00e9put\u00e9e socialiste Sandrine Runel le consid\u00e8re ainsi \u00ab\u00a0ill\u00e9gitime\u00a0\u00bb. L&rsquo;ex-adjointe de Gr\u00e9gory Doucet estime qu&rsquo;en \u00ab\u00a0choisissant de nommer S\u00e9bastien Lecornu, d\u00e9j\u00e0 pressenti lors des derni\u00e8res nominations, Emmanuel Macron prouve une fois de plus sa d\u00e9connexion la plus totale \u00e0 la r\u00e9alit\u00e9\u00a0\u00bb. <\/p>\n<p>La d\u00e9put\u00e9e \u00e9cologiste Marie-Charlotte Garin assure que \u00ab\u00a0si Emmanuel Macron voulait se moquer des Fran\u00e7ais qui r\u00e9clament un changement de politique, il n&rsquo;aurait pas trouv\u00e9 mieux\u00a0\u00bb. Et de d\u00e9plorer : \u00ab\u00a0Lecornu : fid\u00e8le de la premi\u00e8re heure, anti-mariage pour tous, qui d\u00eene avec Le Pen et Bardella.\u00a0\u00bb<\/p>\n<p>La d\u00e9put\u00e9e LFI, Ana\u00efs Belouassa Cherifi estime, en r\u00e9f\u00e9rence au d\u00eener organis\u00e9 par le ministre un soir d&rsquo;avril au minist\u00e8re des Arm\u00e9es avec Jordan Bardella et Marine Le Pen, que S\u00e9bastien Lecornu est \u00ab\u00a0l&rsquo;agent de liaison avec le RN\u00a0\u00bb d&rsquo;Emmanuel Macron. <\/p>\n<p>Enfin, le d\u00e9put\u00e9 \u00e9cologiste Boris Tavernier compare S\u00e9bastien Lecornu au \u00ab\u00a0sbire\u00a0\u00bb  du Pr\u00e9sident, \u00ab\u00a0mais version homophobe\u00a0\u00bb. Une r\u00e9f\u00e9rence \u00e0 l&rsquo;opposition du nouveau Premier ministre au mariage pour tous, ainsi qu&rsquo;\u00e0 la GPA et \u00e0 la PMA. \u00ab\u00a0Nommer Lecornu la veille du mouvement du 10 septembre, c&rsquo;est un m\u00e9pris total, une provocation absolue, un aveuglement abyssal\u00a0\u00bb, conclut le d\u00e9put\u00e9. <\/p>\n","protected":false},"excerpt":{"rendered":"Les quatre d\u00e9put\u00e9s de Lyon du nouveau front populaire. (@Marie-Charlotte Garin sur X) La nomination de S\u00e9bastien Lecornu&hellip;\n","protected":false},"author":2,"featured_media":379919,"comment_status":"","ping_status":"","sticky":false,"template":"","format":"standard","meta":{"footnotes":""},"categories":[1889],"tags":[1111,11,2430,1777,674,1011,27,2428,12,25],"class_list":{"0":"post-379918","1":"post","2":"type-post","3":"status-publish","4":"format-standard","5":"has-post-thumbnail","7":"category-lyon","8":"tag-actu","9":"tag-actualites","10":"tag-auvergne-rhone-alpes","11":"tag-eu","12":"tag-europe","13":"tag-fr","14":"tag-france","15":"tag-lyon","16":"tag-news","17":"tag-republique-francaise"},"share_on_mastodon":{"url":"https:\/\/pubeurope.com\/@fr\/115179277865187913","error":""},"_links":{"self":[{"href":"https:\/\/www.europesays.com\/fr\/wp-json\/wp\/v2\/posts\/379918","targetHints":{"allow":["GET"]}}],"collection":[{"href":"https:\/\/www.europesays.com\/fr\/wp-json\/wp\/v2\/posts"}],"about":[{"href":"https:\/\/www.europesays.com\/fr\/wp-json\/wp\/v2\/types\/post"}],"author":[{"embeddable":true,"href":"https:\/\/www.europesays.com\/fr\/wp-json\/wp\/v2\/users\/2"}],"replies":[{"embeddable":true,"href":"https:\/\/www.europesays.com\/fr\/wp-json\/wp\/v2\/comments?post=379918"}],"version-history":[{"count":0,"href":"https:\/\/www.europesays.com\/fr\/wp-json\/wp\/v2\/posts\/379918\/revisions"}],"wp:featuredmedia":[{"embeddable":true,"href":"https:\/\/www.europesays.com\/fr\/wp-json\/wp\/v2\/media\/379919"}],"wp:attachment":[{"href":"https:\/\/www.europesays.com\/fr\/wp-json\/wp\/v2\/media?parent=379918"}],"wp:term":[{"taxonomy":"category","embeddable":true,"href":"https:\/\/www.europesays.com\/fr\/wp-json\/wp\/v2\/categories?post=379918"},{"taxonomy":"post_tag","embeddable":true,"href":"https:\/\/www.europesays.com\/fr\/wp-json\/wp\/v2\/tags?post=379918"}],"curies":[{"name":"wp","href":"https:\/\/api.w.org\/{rel}","templated":true}]}}