{"id":379920,"date":"2025-09-10T09:24:16","date_gmt":"2025-09-10T09:24:16","guid":{"rendered":"https:\/\/www.europesays.com\/fr\/379920\/"},"modified":"2025-09-10T09:24:16","modified_gmt":"2025-09-10T09:24:16","slug":"le-groupe-loreal-ouvrira-les-portes-de-son-centre-de-recherche-a-lyon","status":"publish","type":"post","link":"https:\/\/www.europesays.com\/fr\/379920\/","title":{"rendered":"le groupe l&rsquo;Or\u00e9al ouvrira les portes de son centre de recherche \u00e0 Lyon"},"content":{"rendered":"<p class=\"content\" style=\"font-size:1.2em;font-weight:700\">Le 20 septembre prochain, le groupe l&rsquo;Or\u00e9al ouvrira au public les portes de sa plateforme Skin Technology bas\u00e9e dans le 7e arrondissement lyonnais. <\/p>\n<p>A l&rsquo;occasion des Journ\u00e9es europ\u00e9ennes du patrimoine, le groupe l&rsquo;Or\u00e9al propose au public de visiter six de ses sites embl\u00e9matiques en France. Coup de chance pour les Lyonnais, l&rsquo;un d&rsquo;eux se trouve \u00e0 Lyon. Comme l&rsquo;ann\u00e9e derni\u00e8re, les \u00e9quipes du groupe accueilleront les visiteurs au sein de la plateforme Skin Technology bas\u00e9e rue Alexander Fleming, dans le 7e arrondissement de Lyon, le 20 septembre prochain.<\/p>\n<p>Lors de cette journ\u00e9e, le groupe de cosm\u00e9tique proposera une visite guid\u00e9e de sa plateforme Skin Technology. Un centre \u00ab\u00a0unique au monde\u00a0\u00bb d\u00e9di\u00e9 \u00e0 l&rsquo;ing\u00e9nierie tissulaire : \u00ab\u00a0La visite du lieu permettra de d\u00e9couvrir des mod\u00e8les de peaux reconstruites, ainsi que les nouveaux mod\u00e8les de peau bioprint\u00e9e\u00a0\u00bb, indique le groupe dans un communiqu\u00e9. <\/p>\n<p>Pour participer, les int\u00e9ress\u00e9s sont invit\u00e9s \u00e0 s&rsquo;inscrire au pr\u00e9alable sur <a href=\"https:\/\/jep.event-loreal.com\/\" target=\"_blank\" rel=\"noopener\">le site du groupe l&rsquo;Or\u00e9al. <\/a><\/p>\n<p><strong>Lire aussi : <\/strong><a href=\"https:\/\/www.lyoncapitale.fr\/actualite\/journees-du-patrimoine-l-oreal-ouvre-son-centre-de-recherche-lyonnais-dedie-a-la-peau\" target=\"_blank\" rel=\"noopener\">Journ\u00e9es du patrimoine : l&rsquo;Or\u00e9al ouvre son centre de recherche lyonnais d\u00e9di\u00e9 \u00e0 la peau<\/a><\/p>\n","protected":false},"excerpt":{"rendered":"Le 20 septembre prochain, le groupe l&rsquo;Or\u00e9al ouvrira au public les portes de sa plateforme Skin Technology bas\u00e9e&hellip;\n","protected":false},"author":2,"featured_media":379921,"comment_status":"","ping_status":"","sticky":false,"template":"","format":"standard","meta":{"footnotes":""},"categories":[1889],"tags":[1111,11,2430,1777,674,1011,27,2428,12,25],"class_list":{"0":"post-379920","1":"post","2":"type-post","3":"status-publish","4":"format-standard","5":"has-post-thumbnail","7":"category-lyon","8":"tag-actu","9":"tag-actualites","10":"tag-auvergne-rhone-alpes","11":"tag-eu","12":"tag-europe","13":"tag-fr","14":"tag-france","15":"tag-lyon","16":"tag-news","17":"tag-republique-francaise"},"share_on_mastodon":{"url":"https:\/\/pubeurope.com\/@fr\/115179281600566263","error":""},"_links":{"self":[{"href":"https:\/\/www.europesays.com\/fr\/wp-json\/wp\/v2\/posts\/379920","targetHints":{"allow":["GET"]}}],"collection":[{"href":"https:\/\/www.europesays.com\/fr\/wp-json\/wp\/v2\/posts"}],"about":[{"href":"https:\/\/www.europesays.com\/fr\/wp-json\/wp\/v2\/types\/post"}],"author":[{"embeddable":true,"href":"https:\/\/www.europesays.com\/fr\/wp-json\/wp\/v2\/users\/2"}],"replies":[{"embeddable":true,"href":"https:\/\/www.europesays.com\/fr\/wp-json\/wp\/v2\/comments?post=379920"}],"version-history":[{"count":0,"href":"https:\/\/www.europesays.com\/fr\/wp-json\/wp\/v2\/posts\/379920\/revisions"}],"wp:featuredmedia":[{"embeddable":true,"href":"https:\/\/www.europesays.com\/fr\/wp-json\/wp\/v2\/media\/379921"}],"wp:attachment":[{"href":"https:\/\/www.europesays.com\/fr\/wp-json\/wp\/v2\/media?parent=379920"}],"wp:term":[{"taxonomy":"category","embeddable":true,"href":"https:\/\/www.europesays.com\/fr\/wp-json\/wp\/v2\/categories?post=379920"},{"taxonomy":"post_tag","embeddable":true,"href":"https:\/\/www.europesays.com\/fr\/wp-json\/wp\/v2\/tags?post=379920"}],"curies":[{"name":"wp","href":"https:\/\/api.w.org\/{rel}","templated":true}]}}