{"id":379924,"date":"2025-09-10T09:27:11","date_gmt":"2025-09-10T09:27:11","guid":{"rendered":"https:\/\/www.europesays.com\/fr\/379924\/"},"modified":"2025-09-10T09:27:11","modified_gmt":"2025-09-10T09:27:11","slug":"bloquons-tout-paris-nantes-bordeaux-ces-villes-et-infrastructures-touchees-par-le-mouvement-actualites","status":"publish","type":"post","link":"https:\/\/www.europesays.com\/fr\/379924\/","title":{"rendered":"\u00ab\u00a0Bloquons tout\u00a0\u00bb : Paris, Nantes, Bordeaux\u2026 ces villes et infrastructures touch\u00e9es par le mouvement : Actualit\u00e9s"},"content":{"rendered":"<p class=\"lead \"><strong>De Caen \u00e0 Paris, en passant par Nantes, Le Havre et Bordeaux, le mouvement \u00ab\u00a0Bloquons tout\u00a0\u00bb multiplie ce 10 septembre les blocages d\u2019axes routiers, d\u2019a\u00e9roports et de sites strat\u00e9giques.<\/strong><\/p>\n<p class=\"lead \">Annonc\u00e9e en grandes pompes depuis plusieurs semaines, la date du 10 septembre est d\u00e9sormais arriv\u00e9e. Cette journ\u00e9e laisse place \u00e0 de multiples actions de protestation du mouvement \u00ab\u00a0Bloquons tout\u00a0\u00bb. Une multitude d\u2019actions ont \u00e9t\u00e9 anticip\u00e9es par les autorit\u00e9s, telles que des blocages d\u2019infrastructures, de sites symboliques, des manifestations et des gr\u00e8ves.<\/p>\n<p>                                                                                                Caen, Normandie, Nantes, Le Havre touch\u00e9es par des mobilisations<\/p>\n<p class=\"lead \">Selon des informations de <a href=\"https:\/\/www.bfmtv.com\/societe\/manifestations\/direct-10-septembre-blocages-transports-manifestations-suivez-le-mouvement-bloquons-tout-a-paris-lyon-marseille_LN-202509100070.html?at_brand=BFMTV&amp;at_compte=BFMTV&amp;at_plateforme=twitter&amp;at_campaign=Fan_pages&amp;at_medium=Community_Management\" target=\"_blank\" rel=\"noopener\">BFM TV<\/a>, le viaduc de Calix, permettant de rejoindre le boulevard p\u00e9riph\u00e9rique nord de Caen, \u00e9tait d\u00e9j\u00e0 bloqu\u00e9 t\u00f4t en d\u00e9but de matin\u00e9e par des manifestants. Des objets auraient \u00e9t\u00e9 br\u00fbl\u00e9s dans l\u2019optique de paralyser le p\u00e9riph\u00e9rique. <a href=\"https:\/\/www.ouest-france.fr\/societe\/manifestation\/direct-bloquons-tout-suivez-les-actions-et-manifestations-de-ce-10-septembre-en-normandie-a4a1264a-9d88-4b00-af83-706786c896bb\" target=\"_blank\" rel=\"noopener\">Ouest-France<\/a> souligne de plus que plusieurs dizaines de manifestants ont \u00e9galement investi le p\u00e9riph\u00e9rique sud de Caen (Calvados), \u00e0 proximit\u00e9 du centre routier de Mondeville, \u00e0 grand renfort de barricades. Des perturbations sont \u00e9galement susceptibles d\u2019affecter le r\u00e9seau NOMAD Car (lignes commerciales et circuits scolaires) en Normandie. Certaines lignes pourraient \u00eatre d\u00e9vi\u00e9es et des trajets annul\u00e9s, en fonction de l\u2019\u00e9volution des manifestations organis\u00e9es dans les diff\u00e9rentes villes aux alentours. Un blocage \u00e0 l&rsquo;a\u00e9roport de Nantes Atlantique a \u00e9galement \u00e9t\u00e9 recens\u00e9.<\/p>\n<p class=\"lead \">Du c\u00f4t\u00e9 du Havre, des dizaines de manifestants se sont install\u00e9s boulevard Churchill avec des barri\u00e8res et des banderoles pour bloquer l&rsquo;axe et ralentir la circulation, comme le souligne BFM TV. Il s&rsquo;agit l\u00e0 d&rsquo;un point de blocage strat\u00e9gique, \u00e0 proximit\u00e9 du port et de la zone industrielle du Havre. \u00c0 Bordeaux, quelques dizaines de personnes encagoul\u00e9es ont bloqu\u00e9, dans la nuit du 9 au 10 septembre, l&rsquo;un des d\u00e9p\u00f4ts du r\u00e9seau de tramways de la ville, comme le rapporte Le Parisien. Malgr\u00e9 l&rsquo;usage de barricades, de palettes et de poubelles, les manifestants ont \u00e9t\u00e9 d\u00e9log\u00e9s rapidement et sans heurts par la police.<\/p>\n<p class=\"lead \">Les forces de l&rsquo;ordre sont aussi mobilis\u00e9es \u00e0 Lyon pour d\u00e9bloquer la circulation sur le pont Gallieni. La circulation est \u00e9galement interrompue dans les deux sens sur l&rsquo;autoroute M7, qui traverse Lyon, \u00e0 hauteur de Perrache, rapporte <a href=\"https:\/\/www.leparisien.fr\/economie\/direct-mouvement-bloquons-tout-du-10-septembre-perturbations-et-blocages-attendus-partout-en-france-10-09-2025-DZLWQDEKWNBBTOUKDSTZFULHB4.php\" target=\"_blank\" rel=\"noopener\">Le Parisien<\/a>. Le sud de la France est \u00e9galement touch\u00e9 par les blocages du mouvement ce 10 septembre. L\u2019acc\u00e8s \u00e0 S\u00e8te par la route de Montpellier, c\u00f4t\u00e9 RD2, est bloqu\u00e9 au niveau du port selon des informations de <a href=\"https:\/\/www.midilibre.fr\/2025\/09\/10\/direct-bloquons-tout-des-centaines-dactions-partout-en-france-80000-policiers-et-gendarmes-mobilises-12920270.php\" target=\"_blank\" rel=\"noopener\">Midi Libre<\/a>. Le m\u00e9dia pr\u00e9cise \u00e9galement qu\u2019une trentaine de personnes qui bloquaient l\u2019acc\u00e8s au port ont \u00e9t\u00e9 d\u00e9gag\u00e9es par les dockers. Des heurts entre manifestants et policiers ont \u00e9galement \u00e9t\u00e9 recens\u00e9s.<\/p>\n<p>                                                                                                Quelles actions sont recens\u00e9es dans Paris ?<\/p>\n<p class=\"lead \">Du c\u00f4t\u00e9 de la capitale, le d\u00e9p\u00f4t de la RATP de Lagny, pr\u00e8s de la Porte de Vincennes, bloqu\u00e9 depuis 5 heures du matin, a \u00e9t\u00e9 \u00e9vacu\u00e9 manu militari par une cinquantaine de CRS, selon des informations de franceinfo. La brigade de r\u00e9pression de l&rsquo;action violente motoris\u00e9e (BRAV-M) aurait \u00e9galement \u00e9t\u00e9 d\u00e9ploy\u00e9e au niveau de la porte de Bagnolet, \u00e0 l&rsquo;est de Paris, en pr\u00e9vision d&rsquo;\u00e9ventuelles actions de blocage, selon des informations de BFMTV.<\/p>\n<p class=\"lead \">Le p\u00e9riph\u00e9rique parisien est aussi touch\u00e9 par le mouvement aux alentours de porte de la Chapelle, des dizaines de manifestants, munis de barricades et de fumig\u00e8nes m\u00e8nent un blocage comme le rapporte Le Parisien. Plusieurs autres dizaines de personnes ont aussi le pav\u00e9 porte d&rsquo;Orl\u00e9ans, d&rsquo;apr\u00e8s <a href=\"https:\/\/x.com\/AToueilles\/status\/1965640028945785320?ref_src=twsrc%5Etfw%7Ctwcamp%5Etweetembed%7Ctwterm%5E1965640028945785320%7Ctwgr%5E886be669b1de4504b2498b757b423346516a77dd%7Ctwcon%5Es1_&amp;ref_url=https%3A%2F%2Fwww.leparisien.fr%2Feconomie%2Fdirect-mouvement-bloquons-tout-du-10-septembre-perturbations-et-blocages-attendus-partout-en-france-10-09-2025-DZLWQDEKWNBBTOUKDSTZFULHB4.php\" target=\"_blank\">des images d&rsquo;Anthony Toueilles<\/a>, conseiller municipal \u00e0 Malakoff (Hauts-de-Seine). De plus, Bruno Retailleau a indiqu\u00e9 ce mercredi 10 septembre que des blocages ont \u00e9t\u00e9 d\u00e9jou\u00e9s dans la matin\u00e9e \u00e0 Paris.<\/p>\n<p>                                                                                                 Les raffineries \u00e0 l&rsquo;arr\u00eat ? <\/p>\n<p class=\"lead \">Et ce n&rsquo;est pas tout. Parmi les actions envisag\u00e9es et qui pourraient perturber la journ\u00e9e, les raffineraient pourraient jouer un r\u00f4le clef. Selon des informations relay\u00e9es par <a href=\"https:\/\/www.bfmtv.com\/economie\/economie-social\/social\/trois-raffineries-totalenergies-un-centre-amazon-une-usine-renault-qui-a-prevu-de-faire-greve-ce-10-septembre-dans-le-cadre-du-mouvement-bloquons-tout_AD-202509090468.html\" target=\"_blank\" rel=\"noopener\">BFMTV<\/a>, un repr\u00e9sentant de la CGT a indiqu\u00e9 que les salari\u00e9s des raffineries de Gonfreville-l&rsquo;Orcher, en Seine-Maritime, de Donges (Loire-Atlantique) et de Feyzin dans le Rh\u00f4ne \u00e9taient appel\u00e9s \u00e0 \u00ab\u00a0cesser le travail\u00a0\u00bb pour cette journ\u00e9e de mobilisation.<\/p>\n<p class=\"lead \">La CGT de Seine-Maritime a m\u00eame appel\u00e9 les employ\u00e9s du secteur \u00ab\u00a0de l&rsquo;\u00e9nergie et les retrait\u00e9s, que ce soit EDF ou prestataires\u00a0\u00bb \u00e0 se mettre en gr\u00e8ve, pr\u00e8s de la centrale de Paluel. Idem pour les salari\u00e9s de l&rsquo;EPR de Flamanville. <\/p>\n<p class=\"lead \">Dans plusieurs r\u00e9gions de France, les \u00e9boueurs ont \u00e9galement d\u00e9pos\u00e9 une quinzaine de pr\u00e9avis de gr\u00e8ve, \u00ab\u00a0principalement dans les zones rurales\u00a0\u00bb. Les services publics sont \u00e9galement perturb\u00e9s.<\/p>\n<p class=\"lead \">On recense pr\u00e8s de 4 000 manifestants dans toute la France et une centaine de mouvements identifi\u00e9s par les gendarmes d\u2019apr\u00e8s des informations de BFM TV. Pour rappel : les services de s\u00e9curit\u00e9 int\u00e9rieure d\u00e9claraient s&rsquo;attendre, en pr\u00e9vision du 10 septembre, \u00e0 la participation de 100 000 personnes \u00e0 travers l\u2019Hexagone dans des actes de protestation.<\/p>\n<p class=\"small font-weight-bold text-gray3 \"> publi\u00e9 le 10 septembre \u00e0 07h24, Axel Juin, 6M\u00e9dias<\/p>\n<p>                             Partager<\/p>\n","protected":false},"excerpt":{"rendered":"De Caen \u00e0 Paris, en passant par Nantes, Le Havre et Bordeaux, le mouvement \u00ab\u00a0Bloquons tout\u00a0\u00bb multiplie ce&hellip;\n","protected":false},"author":2,"featured_media":379925,"comment_status":"","ping_status":"","sticky":false,"template":"","format":"standard","meta":{"footnotes":""},"categories":[1888],"tags":[1111,1928,11,1927,1777,674,1011,27,12,1926,626,1925,25],"class_list":{"0":"post-379924","1":"post","2":"type-post","3":"status-publish","4":"format-standard","5":"has-post-thumbnail","7":"category-paris","8":"tag-actu","9":"tag-actu-paris","10":"tag-actualites","11":"tag-actualites-paris","12":"tag-eu","13":"tag-europe","14":"tag-fr","15":"tag-france","16":"tag-news","17":"tag-news-paris","18":"tag-paris","19":"tag-paris-news","20":"tag-republique-francaise"},"share_on_mastodon":{"url":"https:\/\/pubeurope.com\/@fr\/115179293482188789","error":""},"_links":{"self":[{"href":"https:\/\/www.europesays.com\/fr\/wp-json\/wp\/v2\/posts\/379924","targetHints":{"allow":["GET"]}}],"collection":[{"href":"https:\/\/www.europesays.com\/fr\/wp-json\/wp\/v2\/posts"}],"about":[{"href":"https:\/\/www.europesays.com\/fr\/wp-json\/wp\/v2\/types\/post"}],"author":[{"embeddable":true,"href":"https:\/\/www.europesays.com\/fr\/wp-json\/wp\/v2\/users\/2"}],"replies":[{"embeddable":true,"href":"https:\/\/www.europesays.com\/fr\/wp-json\/wp\/v2\/comments?post=379924"}],"version-history":[{"count":0,"href":"https:\/\/www.europesays.com\/fr\/wp-json\/wp\/v2\/posts\/379924\/revisions"}],"wp:featuredmedia":[{"embeddable":true,"href":"https:\/\/www.europesays.com\/fr\/wp-json\/wp\/v2\/media\/379925"}],"wp:attachment":[{"href":"https:\/\/www.europesays.com\/fr\/wp-json\/wp\/v2\/media?parent=379924"}],"wp:term":[{"taxonomy":"category","embeddable":true,"href":"https:\/\/www.europesays.com\/fr\/wp-json\/wp\/v2\/categories?post=379924"},{"taxonomy":"post_tag","embeddable":true,"href":"https:\/\/www.europesays.com\/fr\/wp-json\/wp\/v2\/tags?post=379924"}],"curies":[{"name":"wp","href":"https:\/\/api.w.org\/{rel}","templated":true}]}}