{"id":379926,"date":"2025-09-10T09:28:17","date_gmt":"2025-09-10T09:28:17","guid":{"rendered":"https:\/\/www.europesays.com\/fr\/379926\/"},"modified":"2025-09-10T09:28:17","modified_gmt":"2025-09-10T09:28:17","slug":"bougnoules-gauchistes-de-merde-des-injures-racistes-et-haineuses-taguees-sur-les-murs-dun-lieu-associatif-a-paris","status":"publish","type":"post","link":"https:\/\/www.europesays.com\/fr\/379926\/","title":{"rendered":"\u00ab\u00a0Bougnoules\u00a0\u00bb, \u00ab\u00a0gauchistes de merde\u00a0\u00bb&#8230; Des injures racistes et haineuses tagu\u00e9es sur les murs d&rsquo;un lieu associatif \u00e0 Paris"},"content":{"rendered":"<p>Aux Arches citoyennes, tiers-lieu du 1er arrondissement de Paris, les bureaux de plusieurs associations ont \u00e9t\u00e9 cambriol\u00e9s dans la nuit du 6 au 7 septembre. Les auteurs des faits y ont \u00e9galement tagu\u00e9 diverses injures \u00e0 caract\u00e8re raciste, antis\u00e9mite et haineux.<\/p>\n<p>Une enqu\u00eate est en cours \u00e0 Paris apr\u00e8s la d\u00e9couverte d&rsquo;un cambriolage et de plusieurs tags <a href=\"https:\/\/www.bfmtv.com\/police-justice\/des-actes-islamophobes-la-grande-mosquee-de-paris-deplore-une-triste-etape-apres-la-decouverte-de-tetes-de-cochon_AD-202509090523.html\" title=\"Des &quot;actes islamophobes&quot;: la Grande mosqu\u00e9e de Paris d\u00e9plore &quot;une triste \u00e9tape&quot; apr\u00e8s la d\u00e9couverte de t\u00eates de cochon\" class=\"internal_link\" target=\"_blank\" rel=\"noopener\">\u00e0 caract\u00e8re raciste<\/a> et haineux aux Arches Citoyennes a appris BFMTV du parquet de Paris, confirmant une information de <a href=\"https:\/\/www.streetpress.com\/sujet\/1757345306-gauchiste-merde-tuera-negres-bougnoules-paris-tags-insultes-neonazis-archescitoyennes\" target=\"_blank\" class=\"external_link\" rel=\"noopener\">StreetPress<\/a>. Ce tiers-lieu, ancien si\u00e8ge de l&rsquo;AP-HP, h\u00e9berge aujourd&rsquo;hui diverses associations \u00e0 des fins sociales, culturelles et solidaires, en face de l&rsquo;H\u00f4tel de Ville.<\/p>\n<p>Selon le groupe qui exploite le lieu, les faits ont \u00e9t\u00e9 commis dans la nuit du samedi 6 au dimanche 7 septembre. Au sein des Arches Citoyennes, les portes de 10 bureaux ont \u00e9t\u00e9 forc\u00e9es, ajoute le parquet.<\/p>\n<p>Plusieurs inscriptions ont \u00e9t\u00e9 tagu\u00e9es en divers endroits du tiers-lieu, \u00e0 l&rsquo;image de croix gamm\u00e9es, ou de phrases telles que \u00ab\u00a0gauchistes de merde\u00a0\u00bb, \u00ab\u00a0on vous tuera\u00a0\u00bb, \u00ab\u00a0on va vous tondre collabo de merde\u00a0\u00bb et \u00ab\u00a0on vous tuera comme les n\u00e8gres et les bougnoules\u00a0\u00bb. Une dizaine d&rsquo;ordinateurs ont \u00e9galement \u00e9t\u00e9 vol\u00e9s.<\/p>\n<p>Des \u00ab\u00a0actes odieux\u00a0\u00bb<\/p>\n<p>Apr\u00e8s le d\u00e9p\u00f4t d&rsquo;une plainte, une enqu\u00eate a \u00e9t\u00e9 ouverte des chefs de \u00ab\u00a0vol par effraction\u00a0\u00bb, \u00ab\u00a0menaces de mort et injures aggrav\u00e9es par la discrimination en raison de la pr\u00e9tendue appartenance ou non-appartenance \u00e0 une race, ethnie, ou religion\u00a0\u00bb et \u00ab\u00a0apologie de crime contre l\u2019humanit\u00e9\u00a0\u00bb. Les auteurs des faits encourent jusqu&rsquo;\u00e0 7 ans d&#8217;emprisonnement et 100.000 euros d&rsquo;amende.<\/p>\n<p>Le commissariat du centre de Paris est en charge des investigations, sous la houlette de la section de lutte contre les infractions aggrav\u00e9es par la discrimination, au parquet de Paris.<\/p>\n<p>Contact\u00e9, le groupement Apsys &#8211; BNP Paribas &#8211; RATP Solutions Ville qui exploite ce lieu explique que les mesures de s\u00e9curit\u00e9 du lieu ont depuis \u00e9t\u00e9 renforc\u00e9es.<\/p>\n<blockquote class=\"embed embed_quote\"><p>\u00ab\u00a0Nous condamnons avec la plus grande fermet\u00e9 ces actes odieux, en totale contradiction avec l\u2019esprit m\u00eame de ce lieu. Nous exprimons tout notre soutien aux personnes pr\u00e9sentes sur le site, directement ou indirectement affect\u00e9es par ces agissements\u00a0\u00bb, indique-t-il.<\/p><\/blockquote>\n<p>La maire de Paris Anne Hidalgo a pour sa part r\u00e9agi sur le r\u00e9seau social Instagram, d\u00e9clarant condamner \u00ab\u00a0avec la plus grande fermet\u00e9 les tags racistes immondes qui ont \u00e9t\u00e9 faits aux Arches Citoyennes\u00a0\u00bb. \u00ab\u00a0Ces propos ignobles et naus\u00e9abonds n&rsquo;ont pas leur palce dans notre ville, ni dans notre R\u00e9publique. (&#8230;) Nous ne laisserons rien passer\u00a0\u00bb, a-t-elle poursuivi.<\/p>\n","protected":false},"excerpt":{"rendered":"Aux Arches citoyennes, tiers-lieu du 1er arrondissement de Paris, les bureaux de plusieurs associations ont \u00e9t\u00e9 cambriol\u00e9s dans&hellip;\n","protected":false},"author":2,"featured_media":379927,"comment_status":"","ping_status":"","sticky":false,"template":"","format":"standard","meta":{"footnotes":""},"categories":[1888],"tags":[1111,1928,11,1927,1777,674,1011,27,12,1926,626,1925,25],"class_list":{"0":"post-379926","1":"post","2":"type-post","3":"status-publish","4":"format-standard","5":"has-post-thumbnail","7":"category-paris","8":"tag-actu","9":"tag-actu-paris","10":"tag-actualites","11":"tag-actualites-paris","12":"tag-eu","13":"tag-europe","14":"tag-fr","15":"tag-france","16":"tag-news","17":"tag-news-paris","18":"tag-paris","19":"tag-paris-news","20":"tag-republique-francaise"},"share_on_mastodon":{"url":"https:\/\/pubeurope.com\/@fr\/115179297450804270","error":""},"_links":{"self":[{"href":"https:\/\/www.europesays.com\/fr\/wp-json\/wp\/v2\/posts\/379926","targetHints":{"allow":["GET"]}}],"collection":[{"href":"https:\/\/www.europesays.com\/fr\/wp-json\/wp\/v2\/posts"}],"about":[{"href":"https:\/\/www.europesays.com\/fr\/wp-json\/wp\/v2\/types\/post"}],"author":[{"embeddable":true,"href":"https:\/\/www.europesays.com\/fr\/wp-json\/wp\/v2\/users\/2"}],"replies":[{"embeddable":true,"href":"https:\/\/www.europesays.com\/fr\/wp-json\/wp\/v2\/comments?post=379926"}],"version-history":[{"count":0,"href":"https:\/\/www.europesays.com\/fr\/wp-json\/wp\/v2\/posts\/379926\/revisions"}],"wp:featuredmedia":[{"embeddable":true,"href":"https:\/\/www.europesays.com\/fr\/wp-json\/wp\/v2\/media\/379927"}],"wp:attachment":[{"href":"https:\/\/www.europesays.com\/fr\/wp-json\/wp\/v2\/media?parent=379926"}],"wp:term":[{"taxonomy":"category","embeddable":true,"href":"https:\/\/www.europesays.com\/fr\/wp-json\/wp\/v2\/categories?post=379926"},{"taxonomy":"post_tag","embeddable":true,"href":"https:\/\/www.europesays.com\/fr\/wp-json\/wp\/v2\/tags?post=379926"}],"curies":[{"name":"wp","href":"https:\/\/api.w.org\/{rel}","templated":true}]}}