{"id":379937,"date":"2025-09-10T09:34:17","date_gmt":"2025-09-10T09:34:17","guid":{"rendered":"https:\/\/www.europesays.com\/fr\/379937\/"},"modified":"2025-09-10T09:34:17","modified_gmt":"2025-09-10T09:34:17","slug":"ce-detail-cache-de-son-look-qui-na-echappe-a-personne-et-surtout-pas-a-ses-fans","status":"publish","type":"post","link":"https:\/\/www.europesays.com\/fr\/379937\/","title":{"rendered":"ce d\u00e9tail cach\u00e9 de son look qui n\u2019a \u00e9chapp\u00e9 \u00e0 personne et surtout pas \u00e0 ses fans"},"content":{"rendered":"<p class=\"mb-4 text-lg md:leading-8 break-words\">Lundi 8 septembre 2025, le Duc de Sussex faisait son retour au Royaume-Uni pour assister \u00e0 la 20\u00e8me \u00e9dition des <strong>WellChild Awards<\/strong>, une c\u00e9r\u00e9monie empreinte d\u2019\u00e9motion d\u00e9di\u00e9e aux enfants gravement malades et \u00e0 leurs familles. Fid\u00e8le depuis 2007 au r\u00f4le de parrain de cette grande cause, le prince Harry s\u2019est montr\u00e9 \u00e0 la fois tr\u00e8s \u00e9mouvant et d\u00e9licieusement joueur au Royal Lancaster Hotel, comme on l\u2019attend d\u2019une star de la famille royale devenue homme engag\u00e9. Apr\u00e8s avoir d\u00e9pos\u00e9 une gerbe \u00e0 Windsor ce matin-l\u00e0, en m\u00e9moire de sa grand-m\u00e8re, la reine Elizabeth II, dont on c\u00e9l\u00e9brait le 3\u00e8me anniversaire de la disparition, il a retrouv\u00e9 les enfants pour cette soir\u00e9e phare. Accompagn\u00e9 de sourires, d\u2019applaudissements et de larmes, le fr\u00e8re de William a tenu un discours vibrant, remerciant les enfants \u00ab\u00a0qui nous montrent la lumi\u00e8re quand l\u2019obscurit\u00e9 pourrait nous consumer\u00a0\u00bb et rappelant que cette c\u00e9r\u00e9monie est devenue un des moments forts de son ann\u00e9e.<\/p>\n<p>Prince Harry au Royaume-Uni : un look sobre pour une cause noble<\/p>\n<p class=\"mb-4 text-lg md:leading-8 break-words\">L\u2019ambiance a ensuite bascul\u00e9 dans la joie pure lorsque le compagnon de Meghan Markle, toujours le charisme au rendez-vous, s\u2019est lanc\u00e9 dans un duel\u2026 \u00e0 l\u2019\u00e9p\u00e9e ! Arm\u00e9 d\u2019une \u00e9p\u00e9e en ballon, il a ri et feint l\u2019attaque face \u00e0 Gwen, neuf ans, atteinte de spina bifida et d\u2019hydroc\u00e9phalie, elle aussi victorieuse d\u2019un prix d\u2019enfant inspirant. Un moment tendre et l\u00e9ger qui (&#8230;)<\/p>\n<p class=\"mb-4 text-lg md:leading-8 break-words\"><a href=\"https:\/\/www.closermag.fr\/royautes\/prince-harry-au-royaume-uni-ce-detail-cache-de-son-look-qui-na-echappe-a-personne-et-surtout-pas-a-ses-fans-3578384\" rel=\"nofollow noopener\" target=\"_blank\" data-ylk=\"slk:Lire la suite sur Closer;elm:context_link;itc:0;sec:content-canvas\" class=\"link \">Lire la suite sur Closer<\/a><\/p>\n<p class=\"mb-4 text-lg md:leading-8 break-words\"><a href=\"https:\/\/www.closermag.fr\/people\/ca-me-choquait-anthony-colette-se-livre-sans-filtre-sur-le-trouble-alimentaire-tres-particulier-de-sa-compagne-3578433\" rel=\"nofollow noopener\" target=\"_blank\" data-ylk=\"slk:&quot;\u00c7a me choquait&quot; : Anthony Colette se livre sans filtre sur le trouble alimentaire tr\u00e8s particulier de sa compagne;elm:context_link;itc:0;sec:content-canvas\" class=\"link \">\u00ab\u00a0\u00c7a me choquait\u00a0\u00bb : Anthony Colette se livre sans filtre sur le trouble alimentaire tr\u00e8s particulier de sa compagne<\/a><br \/><a href=\"https:\/\/www.closermag.fr\/people\/brigitte-et-emmanuel-macron-cette-enorme-faveur-de-lacquereur-de-leur-villa-du-touquet-apres-son-achat-a-plusieurs-millions-3578426\" rel=\"nofollow noopener\" target=\"_blank\" data-ylk=\"slk:Brigitte et Emmanuel Macron : cette \u00e9norme faveur de l\u2019acqu\u00e9reur de leur villa du Touquet apr\u00e8s son achat \u00e0 plusieurs millions;elm:context_link;itc:0;sec:content-canvas\" class=\"link \">Brigitte et Emmanuel Macron : cette \u00e9norme faveur de l\u2019acqu\u00e9reur de leur villa du Touquet apr\u00e8s son achat \u00e0 plusieurs millions<\/a><br \/><a href=\"https:\/\/www.closermag.fr\/politique\/ils-appartiennent-a-la-meme-brigitte-macron-sous-le-charme-de-sebastien-lecornu-il-lui-a-tape-dans-loeil-3578437\" rel=\"nofollow noopener\" target=\"_blank\" data-ylk=\"slk:&quot;Ils appartiennent \u00e0 la m\u00eame\u2026&quot; : Brigitte Macron sous le charme de S\u00e9bastien Lecornu, il lui a tap\u00e9 dans l\u2019\u0153il;elm:context_link;itc:0;sec:content-canvas\" class=\"link \">\u00ab\u00a0Ils appartiennent \u00e0 la m\u00eame\u2026\u00a0\u00bb : Brigitte Macron sous le charme de S\u00e9bastien Lecornu, il lui a tap\u00e9 dans l\u2019\u0153il<\/a><br \/><a href=\"https:\/\/www.closermag.fr\/tv_tele_realite\/patrick-cohen-et-thomas-legrand-enregistres-a-leur-insu-cet-ex-ministre-de-nicolas-sarkozy-sen-donne-a-coeur-joie-3578380\" rel=\"nofollow noopener\" target=\"_blank\" data-ylk=\"slk:Patrick Cohen et Thomas Legrand enregistr\u00e9s \u00e0 leur insu : cet ex-ministre de Nicolas Sarkozy s&#039;en donne \u00e0 coeur joie;elm:context_link;itc:0;sec:content-canvas\" class=\"link \">Patrick Cohen et Thomas Legrand enregistr\u00e9s \u00e0 leur insu : cet ex-ministre de Nicolas Sarkozy s&rsquo;en donne \u00e0 coeur joie<\/a><br \/><a href=\"https:\/\/www.closermag.fr\/politique\/brigitte-macron-et-sebastien-lecornu-ces-vacances-passees-chez-carla-bruni-3578434\" rel=\"nofollow noopener\" target=\"_blank\" data-ylk=\"slk:Brigitte Macron et S\u00e9bastien Lecornu : ces vacances pass\u00e9es chez Carla Bruni;elm:context_link;itc:0;sec:content-canvas\" class=\"link \">Brigitte Macron et S\u00e9bastien Lecornu : ces vacances pass\u00e9es chez Carla Bruni<\/a><\/p>\n","protected":false},"excerpt":{"rendered":"Lundi 8 septembre 2025, le Duc de Sussex faisait son retour au Royaume-Uni pour assister \u00e0 la 20\u00e8me&hellip;\n","protected":false},"author":2,"featured_media":379938,"comment_status":"","ping_status":"","sticky":false,"template":"","format":"standard","meta":{"footnotes":""},"categories":[1588],"tags":[11,28794,1777,674,12,267,51326,51327,473,1853,1851,1850,1852],"class_list":{"0":"post-379937","1":"post","2":"type-post","3":"status-publish","4":"format-standard","5":"has-post-thumbnail","7":"category-royaume-uni","8":"tag-actualites","9":"tag-duc-de-sussex","10":"tag-eu","11":"tag-europe","12":"tag-news","13":"tag-prince-harry","14":"tag-role-de-parrain","15":"tag-royal-lancaster-hotel","16":"tag-royaume-uni","17":"tag-royaume-uni-de-grande-bretagne-et-dirlande-du-nord","18":"tag-uk","19":"tag-united-kingdom","20":"tag-united-kingdom-of-great-britain-and-northern-ireland"},"share_on_mastodon":{"url":"https:\/\/pubeurope.com\/@fr\/115179321021884796","error":""},"_links":{"self":[{"href":"https:\/\/www.europesays.com\/fr\/wp-json\/wp\/v2\/posts\/379937","targetHints":{"allow":["GET"]}}],"collection":[{"href":"https:\/\/www.europesays.com\/fr\/wp-json\/wp\/v2\/posts"}],"about":[{"href":"https:\/\/www.europesays.com\/fr\/wp-json\/wp\/v2\/types\/post"}],"author":[{"embeddable":true,"href":"https:\/\/www.europesays.com\/fr\/wp-json\/wp\/v2\/users\/2"}],"replies":[{"embeddable":true,"href":"https:\/\/www.europesays.com\/fr\/wp-json\/wp\/v2\/comments?post=379937"}],"version-history":[{"count":0,"href":"https:\/\/www.europesays.com\/fr\/wp-json\/wp\/v2\/posts\/379937\/revisions"}],"wp:featuredmedia":[{"embeddable":true,"href":"https:\/\/www.europesays.com\/fr\/wp-json\/wp\/v2\/media\/379938"}],"wp:attachment":[{"href":"https:\/\/www.europesays.com\/fr\/wp-json\/wp\/v2\/media?parent=379937"}],"wp:term":[{"taxonomy":"category","embeddable":true,"href":"https:\/\/www.europesays.com\/fr\/wp-json\/wp\/v2\/categories?post=379937"},{"taxonomy":"post_tag","embeddable":true,"href":"https:\/\/www.europesays.com\/fr\/wp-json\/wp\/v2\/tags?post=379937"}],"curies":[{"name":"wp","href":"https:\/\/api.w.org\/{rel}","templated":true}]}}