{"id":379946,"date":"2025-09-10T09:39:12","date_gmt":"2025-09-10T09:39:12","guid":{"rendered":"https:\/\/www.europesays.com\/fr\/379946\/"},"modified":"2025-09-10T09:39:12","modified_gmt":"2025-09-10T09:39:12","slug":"10-septembre-la-france-sous-les-drones-mediapart","status":"publish","type":"post","link":"https:\/\/www.europesays.com\/fr\/379946\/","title":{"rendered":"10 septembre : la France sous les drones &#8211; Mediapart"},"content":{"rendered":"<ol>\n<li><a href=\"https:\/\/news.google.com\/rss\/articles\/CBMijgFBVV95cUxPVS04b3lJakNLUXRGSW1Ma044REhReGk3TlJ3anBlUHBPNG5LMll2a3BQTzB3LWdQbmYtdmpBNU13X2tCQzhfV0prMk84bjAycUlTMVllUFdnMGFldGh0N1h4N1JiN3JaSVdFeHNlckFZelh6dmd6S2RrMmR1NVVVRFZUZlVjY2RHakZNNmV3?oc=5\" target=\"_blank\" rel=\"noopener\">10 septembre : la France sous les drones<\/a>&nbsp;&nbsp;Mediapart<\/li>\n<li><a href=\"https:\/\/news.google.com\/rss\/articles\/CBMijgJBVV95cUxOTkg3TkI4Z21JQ1ZOaTIyakRWcURHUGV2VzZZZFRCRi0yWFkwUFFlQUduV1FZVkl1ZHZOU1JuZFFJdEhPd0xaRDQyTWVFUVd3Y0tDSjAxanJoMmZYcXpvWFR5SE1RT3l1VDZHcWp6ZVJXU1RoSEZPa3pMeU96aGduYjk3aXkyUlhUSTNVQVJKbjBqN3pxSGpVUUx3UkctMk5LVGdRcV9DNDFiRlV4cmVTWW1JTnl1WUhSSGpGV1JyREY3MTVDN1N0WEN6WFZlTnQtWnBYOXpZVEdPWkktc0NKOGFSSDBacWplWXdwNllYV19UR1Q5X0dCNXFNcFh2QlRndkNCeEV6ajFDUTZqWnc?oc=5\" target=\"_blank\" rel=\"noopener\">\u00ab Bloquons tout en Gironde \u00bb : le tribunal administratif valide le survol des manifestations ou points de blocage par des drones<\/a>&nbsp;&nbsp;Sud Ouest<\/li>\n<li><a href=\"https:\/\/news.google.com\/rss\/articles\/CBMihgJBVV95cUxQcEFlSXZOMHg4XzFFbGNpRnJnQ2tSblNVM1JIQXU1STN3UEhpNUduaUw3WGxfd1VPZjNSUXhTcHZSbjI4N2xyVVJSYlBWN1c3T1hLLV91d2N2R3RSdXExX2cyMVdyWUhJLTJpSDdaVHF1UUNtUkNLNlpCQWxSMk03dHRIVkhXOUV4ZUltUnNSamVjZnNzVVRLXzREOTl6OWNiTUszWWtSVFE1a0dwazBjeV9yNF9fLXNxSWJQMWtaeEpYWEl2QWlMNWpHakFRTzRMSV9TRmJXMVZCMDBlVU1pcVdMdFFxcHpSU0tEeHc2eDBQamxfZ1JTbHhTSm9IYjZfU240MHp3?oc=5\" target=\"_blank\" rel=\"noopener\">Mouvement \u00ab Bloquons tout \u00bb : la justice suspend l\u2019arr\u00eat\u00e9 autorisant l\u2019utilisation du drone de la police \u00e0 Pau<\/a>&nbsp;&nbsp;La R\u00e9publique des Pyr\u00e9n\u00e9es<\/li>\n<li><a href=\"https:\/\/news.google.com\/rss\/articles\/CBMi-wFBVV95cUxPMHJNZ29KWE5GTTZHZU5penNzOXRjdVJSREdzZTlRZDh2NmZqcG1CbjdEOG8tbjg1V1NNLWZwdmZCVVRQc3JjaFZlMS1TRTNndmJDMWFYc3hPZk5VdVlLZm8zUHRYdlllX2hSR042S2ZOVVRfdjJPcWs0TXRScmlCbWhOa2VGQk1zM1FMX3M5RFh1Zy1qUS1JVEZjUWlXZDFGQng1QVBzdHgyT2ZocVZXYzM5QUhXbWVIeWVUakpVTTIwZDM5U0tIZlJlZGw3Rm5LNGZwUzU0cEFieEFBZmhtNk1sWjZLdTlVVGcyeGRPZVRLMklOenVUczF4NA?oc=5\" target=\"_blank\" rel=\"noopener\">Mouvement du 10 septembre : police et gendarmerie voulaient utiliser des drones dans le Loiret, la justice dit non<\/a>&nbsp;&nbsp;La R\u00e9publique du Centre<\/li>\n<li><a href=\"https:\/\/news.google.com\/rss\/articles\/CBMi3gFBVV95cUxOWnlqUDB4bTJzbDliSzQ4S1VEOFE3RmVJZkJxLVY1aVI5YzNvOGdzNjR2UU9YNlZsdmVoNGtuakRwOVJvR3JPZ0xDempLZHU3RlBUYmRnTDBZNVlBMkoyQ3JlRWx3N014QzNCYThvUUlLbTVCRVB4MzhVbldVWlgyY0xTU3lWVkFFdE5WQ3lQdVBmVDJsNXdIOVBNRkxEdmdiSndsdTFwZjZGRDBIMGd5WnBrTV9YLUt1aklUcGdxZEd5NGdGRnpxajQ1RkdQOEllTFFBRnFNcUZ6ZEE0VGc?oc=5\" target=\"_blank\" rel=\"noopener\">Mobilisation du 10 septembre : \u00ab\u00a0Aucun blocage ne sera tol\u00e9r\u00e9\u00a0\u00bb, pr\u00e9vient le pr\u00e9fet de l&rsquo;H\u00e9rault<\/a>&nbsp;&nbsp;francebleu.fr<\/li>\n<\/ol>\n","protected":false},"excerpt":{"rendered":"10 septembre : la France sous les drones&nbsp;&nbsp;Mediapart \u00ab Bloquons tout en Gironde \u00bb : le tribunal administratif&hellip;\n","protected":false},"author":2,"featured_media":379947,"comment_status":"","ping_status":"","sticky":false,"template":"","format":"standard","meta":{"footnotes":""},"categories":[2],"tags":[11,2024,1011,27,12029,12,25,9673,657],"class_list":{"0":"post-379946","1":"post","2":"type-post","3":"status-publish","4":"format-standard","5":"has-post-thumbnail","7":"category-actualites","8":"tag-actualites","9":"tag-drones","10":"tag-fr","11":"tag-france","12":"tag-libertes-publiques","13":"tag-news","14":"tag-republique-francaise","15":"tag-surveillance","16":"tag-vie-privee"},"share_on_mastodon":{"url":"https:\/\/pubeurope.com\/@fr\/115179340665151524","error":""},"_links":{"self":[{"href":"https:\/\/www.europesays.com\/fr\/wp-json\/wp\/v2\/posts\/379946","targetHints":{"allow":["GET"]}}],"collection":[{"href":"https:\/\/www.europesays.com\/fr\/wp-json\/wp\/v2\/posts"}],"about":[{"href":"https:\/\/www.europesays.com\/fr\/wp-json\/wp\/v2\/types\/post"}],"author":[{"embeddable":true,"href":"https:\/\/www.europesays.com\/fr\/wp-json\/wp\/v2\/users\/2"}],"replies":[{"embeddable":true,"href":"https:\/\/www.europesays.com\/fr\/wp-json\/wp\/v2\/comments?post=379946"}],"version-history":[{"count":0,"href":"https:\/\/www.europesays.com\/fr\/wp-json\/wp\/v2\/posts\/379946\/revisions"}],"wp:featuredmedia":[{"embeddable":true,"href":"https:\/\/www.europesays.com\/fr\/wp-json\/wp\/v2\/media\/379947"}],"wp:attachment":[{"href":"https:\/\/www.europesays.com\/fr\/wp-json\/wp\/v2\/media?parent=379946"}],"wp:term":[{"taxonomy":"category","embeddable":true,"href":"https:\/\/www.europesays.com\/fr\/wp-json\/wp\/v2\/categories?post=379946"},{"taxonomy":"post_tag","embeddable":true,"href":"https:\/\/www.europesays.com\/fr\/wp-json\/wp\/v2\/tags?post=379946"}],"curies":[{"name":"wp","href":"https:\/\/api.w.org\/{rel}","templated":true}]}}