{"id":379948,"date":"2025-09-10T09:40:11","date_gmt":"2025-09-10T09:40:11","guid":{"rendered":"https:\/\/www.europesays.com\/fr\/379948\/"},"modified":"2025-09-10T09:40:11","modified_gmt":"2025-09-10T09:40:11","slug":"system-of-a-down-en-concert-au-stade-de-france-de-paris-en-juillet-2026-news-rockurlife","status":"publish","type":"post","link":"https:\/\/www.europesays.com\/fr\/379948\/","title":{"rendered":"System Of A Down : en concert au Stade de France de Paris en juillet 2026 ! &#8211; News &#8211; RockUrLife"},"content":{"rendered":"<p>C\u2019est officiel : <strong>System Of A Down<\/strong> signe son grand retour en <strong>Europe<\/strong> l\u2019\u00e9t\u00e9 prochain, huit ans apr\u00e8s sa derni\u00e8re tourn\u00e9e sur le Vieux Continent. Le quatuor arm\u00e9no-am\u00e9ricain sera de passage \u00e0 <strong>Paris<\/strong> pour un show unique et d\u00e9mesur\u00e9 au <strong>Stade de France<\/strong> le 2 juillet 2026 !<\/p>\n<p>Et comme si la nouvelle n\u2019\u00e9tait pas d\u00e9j\u00e0 assez \u00e9norme, <strong>Queens Of The Stone Age<\/strong> et <strong>Acid Bath<\/strong> accompagneront <strong>SOAD<\/strong> sur cette soir\u00e9e qui s\u2019annonce d\u2019ores et d\u00e9j\u00e0 historique.<\/p>\n<p>Les fans fran\u00e7ais avaient d\u00e9j\u00e0 flair\u00e9 la <a href=\"https:\/\/www.rockurlife.net\/news\/system-of-a-down-un-retour-europeen-imminent\/\" target=\"_blank\" rel=\"noopener\">rumeur<\/a> apr\u00e8s plusieurs projections du logo du groupe dans diff\u00e9rents lieux embl\u00e9matiques de <strong>Paris<\/strong> \u2013 du <strong>Champ de Mars<\/strong> au <strong>Louvre<\/strong> \u2013 mais aussi \u00e0 travers <strong>l\u2019Europe<\/strong>. Le myst\u00e8re est d\u00e9sormais lev\u00e9 avec l\u2019annonce officielle de la tourn\u00e9e estivale baptis\u00e9e <strong>Europe | UK 2026<\/strong>.<\/p>\n<p>Les billets seront disponibles d\u00e8s le jeudi 18 septembre \u00e0 12h00 en pr\u00e9vente <strong>Live Nation<\/strong>, puis \u00e0 partir du vendredi 19 septembre \u00e0 12h00 en vente g\u00e9n\u00e9rale, avec toutes les informations accessibles via le site officiel du groupe.<\/p>\n<p>Comme si ce retour ne suffisait pas, <strong>System Of A Down<\/strong> tease \u00e9galement un \u00e9v\u00e9nement sp\u00e9cial qui aura lieu \u00e0 la suite de ces concerts. Aucun d\u00e9tail n\u2019a encore filtr\u00e9, mais \u2018\u2019annonce attise d\u00e9j\u00e0 la curiosit\u00e9 et renforce l\u2019aura d\u2019un comeback qui s\u2019annonce colossal.<\/p>\n<p>Le rendez-vous parisien du 2 juillet a d\u00e9j\u00e0 tout pour devenir l\u2019un des moments les plus marquants de l\u2019ann\u00e9e 2026.<\/p>\n<p><img loading=\"lazy\" decoding=\"async\" width=\"819\" height=\"1024\" src=\"https:\/\/www.europesays.com\/fr\/wp-content\/uploads\/2025\/09\/543554414_1189368549889081_2704407848346453376_n-819x1024.jpg\" alt=\"\" class=\"wp-image-226312\"\/><\/p>\n<blockquote class=\"instagram-media\" data-instgrm-captioned=\"\" data-instgrm-permalink=\"https:\/\/www.instagram.com\/reel\/DOan3FpjkPn\/?utm_source=ig_embed&amp;utm_campaign=loading\" data-instgrm-version=\"14\" style=\" background:#FFF; border:0; border-radius:3px; box-shadow:0 0 1px 0 rgba(0,0,0,0.5),0 1px 10px 0 rgba(0,0,0,0.15); margin: 1px; max-width:540px; min-width:326px; padding:0; width:99.375%; width:-webkit-calc(100% - 2px); width:calc(100% - 2px);\"\/><p>  <script async src=\"\/\/www.instagram.com\/embed.js\"><\/script><\/p>\n","protected":false},"excerpt":{"rendered":"C\u2019est officiel : System Of A Down signe son grand retour en Europe l\u2019\u00e9t\u00e9 prochain, huit ans apr\u00e8s&hellip;\n","protected":false},"author":2,"featured_media":379949,"comment_status":"","ping_status":"","sticky":false,"template":"","format":"standard","meta":{"footnotes":""},"categories":[4],"tags":[51328,11,1011,27,12,31726,25,14478,51329],"class_list":{"0":"post-379948","1":"post","2":"type-post","3":"status-publish","4":"format-standard","5":"has-post-thumbnail","7":"category-france","8":"tag-acid-bath","9":"tag-actualites","10":"tag-fr","11":"tag-france","12":"tag-news","13":"tag-queens-of-the-stone-age","14":"tag-republique-francaise","15":"tag-stade-de-france","16":"tag-system-of-a-down"},"share_on_mastodon":{"url":"https:\/\/pubeurope.com\/@fr\/115179344937358078","error":""},"_links":{"self":[{"href":"https:\/\/www.europesays.com\/fr\/wp-json\/wp\/v2\/posts\/379948","targetHints":{"allow":["GET"]}}],"collection":[{"href":"https:\/\/www.europesays.com\/fr\/wp-json\/wp\/v2\/posts"}],"about":[{"href":"https:\/\/www.europesays.com\/fr\/wp-json\/wp\/v2\/types\/post"}],"author":[{"embeddable":true,"href":"https:\/\/www.europesays.com\/fr\/wp-json\/wp\/v2\/users\/2"}],"replies":[{"embeddable":true,"href":"https:\/\/www.europesays.com\/fr\/wp-json\/wp\/v2\/comments?post=379948"}],"version-history":[{"count":0,"href":"https:\/\/www.europesays.com\/fr\/wp-json\/wp\/v2\/posts\/379948\/revisions"}],"wp:featuredmedia":[{"embeddable":true,"href":"https:\/\/www.europesays.com\/fr\/wp-json\/wp\/v2\/media\/379949"}],"wp:attachment":[{"href":"https:\/\/www.europesays.com\/fr\/wp-json\/wp\/v2\/media?parent=379948"}],"wp:term":[{"taxonomy":"category","embeddable":true,"href":"https:\/\/www.europesays.com\/fr\/wp-json\/wp\/v2\/categories?post=379948"},{"taxonomy":"post_tag","embeddable":true,"href":"https:\/\/www.europesays.com\/fr\/wp-json\/wp\/v2\/tags?post=379948"}],"curies":[{"name":"wp","href":"https:\/\/api.w.org\/{rel}","templated":true}]}}