{"id":379950,"date":"2025-09-10T09:42:17","date_gmt":"2025-09-10T09:42:17","guid":{"rendered":"https:\/\/www.europesays.com\/fr\/379950\/"},"modified":"2025-09-10T09:42:17","modified_gmt":"2025-09-10T09:42:17","slug":"litalie-rejoint-la-turquie-en-finale-apres-sa-victoire-face-au-bresil-lequipe","status":"publish","type":"post","link":"https:\/\/www.europesays.com\/fr\/379950\/","title":{"rendered":"L&#039;Italie rejoint la Turquie en finale apr\u00e8s sa victoire face au Br\u00e9sil &#8211; L&#039;\u00c9quipe"},"content":{"rendered":"<ol>\n<li><a href=\"https:\/\/news.google.com\/rss\/articles\/CBMiwgFBVV95cUxNOTk2RHVTRHBsM2c0QmxEZjE1M1dSaUJpX1hsUF90N0dzZEN2Tk1OQ1pOS2dvZUkwVU83a0lhVHhZZEFHNFEtTWt5Nm14bmJ5T2k3amdta0JzLS1HNkJRYzBIMDRhLWdaUWZzM1huOWlWUGVIakVUSlgzcUgzdGYybzRabzdkd3RlTk10cjYwWUlNSlRVcnNodnZ5WWhSMF9nSy1ZSGpKMlhNdi1LWXdQS1NEbmZVMzVkUXhfTXNjLUFUUQ?oc=5\" target=\"_blank\" rel=\"noopener\">L&rsquo;Italie rejoint la Turquie en finale apr\u00e8s sa victoire face au Br\u00e9sil<\/a>&nbsp;&nbsp;L&rsquo;\u00c9quipe<\/li>\n<li><a href=\"https:\/\/news.google.com\/rss\/articles\/CBMixwFBVV95cUxOTWg5Wl8xRjVPSkxHSGRQTFFkejdHSjVfNkYzV0RfNGZQMU1kMDNXUThYSmJMV2NCWTRyeV9INU0zOGNmaWdkVC1ERVZDNXE3MmtYTGFUdHBJMUZXOFoweE5jaU5mUWhrYk5ZaHo1aVRSbjBKQldwQTNRZTlHa2hRWjAzMjV1MDdGcVY4Ym8xS0g3Wm5wR05vaWtRSzFkMHpEUDgweWhNZDc5STZacjdGUDkyVnl4Mmd2Z0dXSlNIU2RtdE4wSDBR?oc=5\" target=\"_blank\" rel=\"noopener\">&lsquo;Italie championne du monde apr\u00e8s sa victoire contre la Turquie en finale<\/a>&nbsp;&nbsp;L&rsquo;\u00c9quipe<\/li>\n<li><a href=\"https:\/\/news.google.com\/rss\/articles\/CBMi4wFBVV95cUxQZlUyTjlBQlVZUGFfX1ZZRjdZUmZjUGJXWTFxeFNjWGJfVVNEWWZjWlotXzZxbE5iNklPQ281M3FPSzI5SDF2TXZmOEszdC05SGw4Wk5PYWh0d3dZdXZOSkg0c0s5eHZ5RWo2QzlEeVBmUTlISnNZRXo3YnpFYkdiTHNBenAwSWhmNlNqbW9feTMwbW9Ua0Rwc0FwUDlpdUluSUpBel9VTERtMHdRRUg4M21PcGdMVDNTdDllUW16WVBST2NPMVlPME9LVnFCODBCaDZwVDZDZHdFY19WaldaU1VXYw?oc=5\" target=\"_blank\" rel=\"noopener\">Les Italiennes au sommet avec un doubl\u00e9 JO-Mondial<\/a>&nbsp;&nbsp;Eurosport<\/li>\n<li><a href=\"https:\/\/news.google.com\/rss\/articles\/CBMiuwFBVV95cUxQVzg4RDdabmE1RFRsYnlSRUJnYlhYWjRaWERkMTBEanhwbjZsUldicVNleVd5ckVtS2MtZUZCWGpiOTBuS0ltVU5IZTA3di1hbHJCaWRKRlBKTjAteld0VU5TaWd2a0x1S3l3MDVLTTh0R0J6V2xpbWlELXdrYTJQSXF2ZDNWcGpUNDdhWngzbm5oUWxkSS1FM3FoMC1valhPNVRGNmNPTUtUOHcwTVQ2eS11dk9LOFhISDNr?oc=5\" target=\"_blank\" rel=\"noopener\">Mondial de volley : une finale in\u00e9dite entre l\u2019Italie et la Turquie<\/a>&nbsp;&nbsp;Le Figaro<\/li>\n<li><a href=\"https:\/\/news.google.com\/rss\/articles\/CBMirgFBVV95cUxQQk5haDRDbGd0NWtoRUJ4dUZDWUVyYkhfS3E2X0hWaDhEMTM0NG9HUnBIMDhxWlA1czdmQ2dtTlluTWoyMkFfcjZHT0FpQ2g0WXQ4cy1ma2Q5bGJKVVJDQk9ZQ2hNcS0wdEMzUW9qSzhFUjNmbERHOXFESWo2ZEE2TTZfVHNDaE9Yd1VFUDNJdWlYVDY0ZUMySkN1UV9IMjluOExNSmhSUlhnSXdHUUE?oc=5\" target=\"_blank\" rel=\"noopener\">Volley-ball. Mondial : apr\u00e8s les Jeux olympiques, les Italiennes sur le toit du monde<\/a>&nbsp;&nbsp;L&rsquo;Alsace<\/li>\n<\/ol>\n","protected":false},"excerpt":{"rendered":"L&rsquo;Italie rejoint la Turquie en finale apr\u00e8s sa victoire face au Br\u00e9sil&nbsp;&nbsp;L&rsquo;\u00c9quipe &lsquo;Italie championne du monde apr\u00e8s sa&hellip;\n","protected":false},"author":2,"featured_media":379951,"comment_status":"","ping_status":"","sticky":false,"template":"","format":"standard","meta":{"footnotes":""},"categories":[1417],"tags":[1011,27,60,1470,1469],"class_list":{"0":"post-379950","1":"post","2":"type-post","3":"status-publish","4":"format-standard","5":"has-post-thumbnail","7":"category-volley","8":"tag-fr","9":"tag-france","10":"tag-sports","11":"tag-volley","12":"tag-volleyball"},"share_on_mastodon":{"url":"https:\/\/pubeurope.com\/@fr\/115179352441898941","error":""},"_links":{"self":[{"href":"https:\/\/www.europesays.com\/fr\/wp-json\/wp\/v2\/posts\/379950","targetHints":{"allow":["GET"]}}],"collection":[{"href":"https:\/\/www.europesays.com\/fr\/wp-json\/wp\/v2\/posts"}],"about":[{"href":"https:\/\/www.europesays.com\/fr\/wp-json\/wp\/v2\/types\/post"}],"author":[{"embeddable":true,"href":"https:\/\/www.europesays.com\/fr\/wp-json\/wp\/v2\/users\/2"}],"replies":[{"embeddable":true,"href":"https:\/\/www.europesays.com\/fr\/wp-json\/wp\/v2\/comments?post=379950"}],"version-history":[{"count":0,"href":"https:\/\/www.europesays.com\/fr\/wp-json\/wp\/v2\/posts\/379950\/revisions"}],"wp:featuredmedia":[{"embeddable":true,"href":"https:\/\/www.europesays.com\/fr\/wp-json\/wp\/v2\/media\/379951"}],"wp:attachment":[{"href":"https:\/\/www.europesays.com\/fr\/wp-json\/wp\/v2\/media?parent=379950"}],"wp:term":[{"taxonomy":"category","embeddable":true,"href":"https:\/\/www.europesays.com\/fr\/wp-json\/wp\/v2\/categories?post=379950"},{"taxonomy":"post_tag","embeddable":true,"href":"https:\/\/www.europesays.com\/fr\/wp-json\/wp\/v2\/tags?post=379950"}],"curies":[{"name":"wp","href":"https:\/\/api.w.org\/{rel}","templated":true}]}}