{"id":379956,"date":"2025-09-10T09:46:09","date_gmt":"2025-09-10T09:46:09","guid":{"rendered":"https:\/\/www.europesays.com\/fr\/379956\/"},"modified":"2025-09-10T09:46:09","modified_gmt":"2025-09-10T09:46:09","slug":"motogp-bonne-pioche-pour-zarco-les-sensations-reviennent-mais-les-chutes-perdurent","status":"publish","type":"post","link":"https:\/\/www.europesays.com\/fr\/379956\/","title":{"rendered":"MotoGP Bonne pioche pour Zarco, les sensations reviennent mais&#8230;les chutes perdurent !"},"content":{"rendered":"<p>Depuis le Grand-Prix de Grande Bretagne de MotoGP et le splendide podium de Johann Zarco, le tricolore tombe une \u00e0 deux fois par week-end. Et alors que nous pensions que la pause -toute relative pour lui, avec les 8h de Suzuka- et la r\u00e9solution de sa situation d\u2019avenir avec Honda lui permettraient de retrouver sa concentration, JZ7 est \u00e0 nouveau tomb\u00e9, en Catalogne\u2026<\/p>\n<p>MotoGP : bons d\u00e9parts, aisance retrouv\u00e9e\u2026ne reste qu\u2019\u00e0 r\u00e9soudre ce probl\u00e8me de chutes !<\/p>\n<p>Une chute vendredi, avant qu\u2019il se qualifie pour la Q2 directement puis une autre, dimanche, en course, alors que la cinqui\u00e8me place lui tendait les bras, voil\u00e0 le bilan n\u00e9gatif de Johann Zarco, en Catalogne. Difficile de comprendre, concernant dimanche, alors qu\u2019il avait enfin retrouv\u00e9 ses sensations perdues. Ce dernier avouait m\u00eame ne pas s\u2019\u00eatre senti aussi bien au guidon de la Honda, depuis la Grande Bretagne. Ce gr\u00e2ce \u00e0 une nouvelle pi\u00e8ce, test\u00e9e dimanche matin au warm-up et conserv\u00e9e pour la course principale.<\/p>\n<p>R\u00e9sultat, comme samedi (et \u00e7a, c\u2019est LA bonne nouvelle), \u201cJojo\u201d r\u00e9alisait un excellent d\u00e9part. Puis, un bon d\u00e9but de course, d\u00e9passant notamment Luca Marini et Fabio Quartararo, avant de se hisser \u00e0 la cinqui\u00e8me place. Avec la P4 de Pedro Acosta en point de mire. La baisse vertigineuse du rythme de la KTM, en fin de course aurait d\u2019ailleurs probablement \u00e9t\u00e9 utile au pilote LCR, pour gagner une nouvelle place. Malheureusement, il chutait, mettant \u00e0 la poubelle le b\u00e9n\u00e9fice du travail accompli jusque-l\u00e0.<\/p>\n<blockquote class=\"twitter-tweet\">\n<p dir=\"ltr\" lang=\"en\">DNF <a href=\"https:\/\/twitter.com\/JohannZarco1?ref_src=twsrc%5Etfw\" target=\"_blank\" rel=\"noopener nofollow\">@JohannZarco1<\/a> \u2013 Race <a href=\"https:\/\/twitter.com\/hashtag\/CatalanGP?src=hash&amp;ref_src=twsrc%5Etfw\" target=\"_blank\" rel=\"noopener nofollow\">#CatalanGP<\/a><br \/>\ud83c\udfa4\u201dI wasn\u2019t taking unnecessary risks; I was just trying to catch the rivals, but at Turn 10 I hit the bumps and went down. In those conditions, it\u2019s difficult to control the bike. The important thing is that I felt stronger and made progress\u201d <a href=\"https:\/\/t.co\/Z3S8VuJQZL\" rel=\"nofollow\">pic.twitter.com\/Z3S8VuJQZL<\/a><\/p>\n<p>\u2014 LCR Team (@lcr_team) <a href=\"https:\/\/twitter.com\/lcr_team\/status\/1964733648319758387?ref_src=twsrc%5Etfw\" target=\"_blank\" rel=\"noopener nofollow\">September 7, 2025<\/a><\/p>\n<\/blockquote>\n<p>Mais avec des \u201csi\u201d, difficile de dire s\u2019il aurait \u00e9t\u00e9 en mesure de maintenir son rythme et si d\u2019autres concurrents (Fabio Quartararo, Ai Ogura, en particulier) ne seraient pas revenus sur lui. A l\u2019image de Marini, sur la Honda officielle, cinqui\u00e8me un temps, avant de r\u00e9trograder \u00e0 son tour, jusqu\u2019\u00e0 la huiti\u00e8me place.<\/p>\n<p>Quoiqu\u2019il en soit, dans une optique d\u2019avenir, la performance pure de Johann aura \u00e9t\u00e9 satisfaisante ce week-end. Sur un circuit qu\u2019il aime et peut-\u00eatre m\u00eame, sur lequel il jouit d\u2019un r\u00e9el avantage sur ses rivaux, en termes de pilotage. Si bien qu\u2019\u00e0 Misano, il ne faudra peut-\u00eatre pas attendre de telles performances, de la part du Fran\u00e7ais. Toutefois, avec des courses comme celle de Motegi ou encore, de Phillip Island, \u00e0 venir, il y a mati\u00e8re \u00e0 croire dans un autre podium, d\u2019ici la fin de la campagne en cours. Voire, plus\u2026Concernant l\u2019Italie, ce week-end, un top dix dimanche serait d\u00e9j\u00e0 satisfaisant.<\/p>\n<p>A condition, bien \u00e9videmment, que cette longue s\u00e9rie de chute cesse.<\/p>\n<p>\u201cGlobalement, c\u2019\u00e9tait une course positive et un net progr\u00e8s par rapport \u00e0 hier\u201c, analysait Johann Zarco dimanche soir, \u00e0 l\u2019issue de l\u2019\u00e9preuve de Barcelone. \u201cBien s\u00fbr, je suis d\u00e9\u00e7u de la chute. Je ne prenais pas de risques inutiles ; j\u2019essayais juste de rattraper mes rivaux, mais au virage 10, j\u2019ai heurt\u00e9 les bosses et je suis tomb\u00e9. Dans ces conditions, il est difficile de contr\u00f4ler la moto. L\u2019important, c\u2019est que je me sois senti plus fort et que j\u2019ai progress\u00e9 pendant la course, ce qui me donne confiance. L\u2019objectif est maintenant de poursuivre sur cette lanc\u00e9e pour Misano la semaine prochaine\u201c, ajoutait l\u2019int\u00e9ress\u00e9, d\u00e9j\u00e0 tourn\u00e9 vers le Grand-Prix de Saint Marin de MotoGP, cuv\u00e9e 2025.<\/p>\n<p>Avec cette perspective, potentiellement source de motivation pour lui \u00e0 savoir, conserver sa place dans le top dix, au championnat du monde des pilotes.<\/p>\n<\/p>\n<p>Article publi\u00e9 le 10\/09\/2025 \u00e0 17h35<\/p>\n<p>                                                            <script async src=\"https:\/\/platform.twitter.com\/widgets.js\" charset=\"utf-8\"><\/script><\/p>\n","protected":false},"excerpt":{"rendered":"Depuis le Grand-Prix de Grande Bretagne de MotoGP et le splendide podium de Johann Zarco, le tricolore tombe&hellip;\n","protected":false},"author":2,"featured_media":379957,"comment_status":"","ping_status":"","sticky":false,"template":"","format":"standard","meta":{"footnotes":""},"categories":[1413],"tags":[1011,27,1741,1457,1456,1458,60],"class_list":{"0":"post-379956","1":"post","2":"type-post","3":"status-publish","4":"format-standard","5":"has-post-thumbnail","7":"category-moto","8":"tag-fr","9":"tag-france","10":"tag-johann-zarco","11":"tag-moto","12":"tag-motocycle","13":"tag-motogp","14":"tag-sports"},"share_on_mastodon":{"url":"https:\/\/pubeurope.com\/@fr\/115179368248022084","error":""},"_links":{"self":[{"href":"https:\/\/www.europesays.com\/fr\/wp-json\/wp\/v2\/posts\/379956","targetHints":{"allow":["GET"]}}],"collection":[{"href":"https:\/\/www.europesays.com\/fr\/wp-json\/wp\/v2\/posts"}],"about":[{"href":"https:\/\/www.europesays.com\/fr\/wp-json\/wp\/v2\/types\/post"}],"author":[{"embeddable":true,"href":"https:\/\/www.europesays.com\/fr\/wp-json\/wp\/v2\/users\/2"}],"replies":[{"embeddable":true,"href":"https:\/\/www.europesays.com\/fr\/wp-json\/wp\/v2\/comments?post=379956"}],"version-history":[{"count":0,"href":"https:\/\/www.europesays.com\/fr\/wp-json\/wp\/v2\/posts\/379956\/revisions"}],"wp:featuredmedia":[{"embeddable":true,"href":"https:\/\/www.europesays.com\/fr\/wp-json\/wp\/v2\/media\/379957"}],"wp:attachment":[{"href":"https:\/\/www.europesays.com\/fr\/wp-json\/wp\/v2\/media?parent=379956"}],"wp:term":[{"taxonomy":"category","embeddable":true,"href":"https:\/\/www.europesays.com\/fr\/wp-json\/wp\/v2\/categories?post=379956"},{"taxonomy":"post_tag","embeddable":true,"href":"https:\/\/www.europesays.com\/fr\/wp-json\/wp\/v2\/tags?post=379956"}],"curies":[{"name":"wp","href":"https:\/\/api.w.org\/{rel}","templated":true}]}}