{"id":379958,"date":"2025-09-10T09:47:10","date_gmt":"2025-09-10T09:47:10","guid":{"rendered":"https:\/\/www.europesays.com\/fr\/379958\/"},"modified":"2025-09-10T09:47:10","modified_gmt":"2025-09-10T09:47:10","slug":"sensations-jamais-connues-sailgp-embarquez-a-bord-du-catamaran-de-lequipe-de-suisse","status":"publish","type":"post","link":"https:\/\/www.europesays.com\/fr\/379958\/","title":{"rendered":"\u00abSensations jamais connues\u00bb: SailGP : embarquez \u00e0 bord du catamaran de l\u2019\u00e9quipe de Suisse !"},"content":{"rendered":"<p class=\"a-paragraph a-paragraph--lead\" data-t-name=\"Paragraph\">blue Sport vous emm\u00e8ne naviguer sur la \u00abFormule 1 des mers\u00bb. Notre journaliste Laurent Morel nous explique, dans la vid\u00e9o ci-dessous, les sensations qu&rsquo;il a v\u00e9cues avec l&rsquo;\u00e9quipe de Suisse de SailGP.\u00a0<\/p>\n<p>      SailGP : \u00e0 bord du catamaran helv\u00e9tique !<\/p>\n<p class=\"m-teaser__text js-m-teaser__text\">blue Sport vous emm\u00e8ne naviguer sur la Formule 1 des mers. Notre journaliste nous explique les sensations qu&rsquo;il a v\u00e9cues avec l&rsquo;\u00e9quipe de Suisse de SailGP.<\/p>\n<p class=\"m-teaser__lead\">09.09.2025<\/p>\n<ul class=\"m-list m-list--content-list\">\n<li class=\"m-list__element\">Comp\u00e9tition nautique la plus spectaculaire au monde, le SailGP est diffus\u00e9 en libre acc\u00e8s sur blue Zoom. Le circuit fera \u00e9tape pour la premi\u00e8re fois \u00e0 Gen\u00e8ve les 20 et 21 septembre prochain.<\/li>\n<li class=\"m-list__element\">Mais avant de naviguer sur les eaux du L\u00e9man, l\u2019\u00e9quipe de Suisse et ses adversaires s\u2019affrontent cette fin de semaine \u00e0 Saint-Tropez pour deux jours de courses, les vendredi 12 et samedi 13 septembre.<\/li>\n<li class=\"m-list__element\">Retrouvez toutes les informations concerant le SailGP <a href=\"https:\/\/www.bluewin.ch\/fr\/sport\/sailgp.html\" target=\"_blank\" rel=\"noopener\">sur notre page sp\u00e9ciale<\/a>.<\/li>\n<\/ul>\n<p>Plus de vid\u00e9os sur le SailGP<\/p>\n<p>      \u00abC&rsquo;est notre \u00e9v\u00e8nement !\u00bb : l&rsquo;\u00e9quipe de Suisse de SailGP motiv\u00e9e \u00e0 Gen\u00e8ve<\/p>\n<p class=\"m-teaser__text js-m-teaser__text\">Les membres de l&rsquo;\u00e9quipe suisse de SailGP donnent leurs impressions avant leur venue \u00e0 Gen\u00e8ve. La rade du bout du lac L\u00e9man accueillera pour la premi\u00e8re fois cette comp\u00e9tition spectaculaire de catamarans volants.<\/p>\n<p class=\"m-teaser__lead\">09.09.2025<\/p>\n<p>      Le SailGP pr\u00eat \u00e0 conqu\u00e9rir le public suisse<\/p>\n<p class=\"m-teaser__text js-m-teaser__text\">Les 20 et 21 septembre prochain, le SailGP fait \u00e9tape \u00e0 Gen\u00e8ve pour la premi\u00e8re fois de son histoire. Rencontre avec son COO Julien di Biase.<\/p>\n<p class=\"m-teaser__lead\">25.08.2025<\/p>\n","protected":false},"excerpt":{"rendered":"blue Sport vous emm\u00e8ne naviguer sur la \u00abFormule 1 des mers\u00bb. Notre journaliste Laurent Morel nous explique, dans&hellip;\n","protected":false},"author":2,"featured_media":379959,"comment_status":"","ping_status":"","sticky":false,"template":"","format":"standard","meta":{"footnotes":""},"categories":[1412],"tags":[1451,1452,1453,1454,1455,1011,27,60],"class_list":{"0":"post-379958","1":"post","2":"type-post","3":"status-publish","4":"format-standard","5":"has-post-thumbnail","7":"category-f1","8":"tag-f1","9":"tag-formula-1","10":"tag-formula1","11":"tag-formule-1","12":"tag-formule1","13":"tag-fr","14":"tag-france","15":"tag-sports"},"share_on_mastodon":{"url":"https:\/\/pubeurope.com\/@fr\/115179372160317174","error":""},"_links":{"self":[{"href":"https:\/\/www.europesays.com\/fr\/wp-json\/wp\/v2\/posts\/379958","targetHints":{"allow":["GET"]}}],"collection":[{"href":"https:\/\/www.europesays.com\/fr\/wp-json\/wp\/v2\/posts"}],"about":[{"href":"https:\/\/www.europesays.com\/fr\/wp-json\/wp\/v2\/types\/post"}],"author":[{"embeddable":true,"href":"https:\/\/www.europesays.com\/fr\/wp-json\/wp\/v2\/users\/2"}],"replies":[{"embeddable":true,"href":"https:\/\/www.europesays.com\/fr\/wp-json\/wp\/v2\/comments?post=379958"}],"version-history":[{"count":0,"href":"https:\/\/www.europesays.com\/fr\/wp-json\/wp\/v2\/posts\/379958\/revisions"}],"wp:featuredmedia":[{"embeddable":true,"href":"https:\/\/www.europesays.com\/fr\/wp-json\/wp\/v2\/media\/379959"}],"wp:attachment":[{"href":"https:\/\/www.europesays.com\/fr\/wp-json\/wp\/v2\/media?parent=379958"}],"wp:term":[{"taxonomy":"category","embeddable":true,"href":"https:\/\/www.europesays.com\/fr\/wp-json\/wp\/v2\/categories?post=379958"},{"taxonomy":"post_tag","embeddable":true,"href":"https:\/\/www.europesays.com\/fr\/wp-json\/wp\/v2\/tags?post=379958"}],"curies":[{"name":"wp","href":"https:\/\/api.w.org\/{rel}","templated":true}]}}