{"id":379962,"date":"2025-09-10T09:49:10","date_gmt":"2025-09-10T09:49:10","guid":{"rendered":"https:\/\/www.europesays.com\/fr\/379962\/"},"modified":"2025-09-10T09:49:10","modified_gmt":"2025-09-10T09:49:10","slug":"le-real-madrid-pret-a-tout-pour-bradley-barcola","status":"publish","type":"post","link":"https:\/\/www.europesays.com\/fr\/379962\/","title":{"rendered":"le Real Madrid pr\u00eat \u00e0 tout pour Bradley Barcola ?"},"content":{"rendered":"<p>Champion de France en titre, r\u00e9cent vainqueur de la Ligue des champions, le <a href=\"https:\/\/www.dailymercato.com\/club\/paris-saint-germain-11\" target=\"_blank\" rel=\"noopener\">Paris Saint-Germain<\/a> va-t-il vivre une nouvelle saison faste ? Sportivement, c&rsquo;est plut\u00f4t bien parti avec des r\u00e9sultats int\u00e9ressants. H\u00e9las, avec les r\u00e9centes blessures de D\u00e9sir\u00e9 Dou\u00e9 et Ousmane Demb\u00e9l\u00e9 en \u00e9quipe de France, le doute reste permis.<\/p>\n<p>Pour porter son attaque, le PSG compte beaucoup sur Bradley Barcola, buteur et passeur d\u00e9cisif lors du dernier rassemblement des Bleus. Justement, ces derni\u00e8res heures, la rumeur faisait \u00e9tat d&rsquo;une possible prolongation de contrat de l&rsquo;ancien crack de l&rsquo;OL. Pour mieux contrer un d\u00e9part imminent ?\u00a0<\/p>\n<blockquote class=\"twitter-tweet\"><p>&#13;<\/p>\n<p dir=\"ltr\" lang=\"es\">El Real Madrid se interesa en el fichaje de Bradley Barcola, jugador del PSG.<a href=\"https:\/\/t.co\/cIG0gQagW5\">https:\/\/t.co\/cIG0gQagW5<\/a><\/p>\n<p>&#13;<br \/>\n\u2014 Fichajes.net (@fichajesnet) <a href=\"https:\/\/twitter.com\/fichajesnet\/status\/1965505947263975442?ref_src=twsrc%5Etfw\" target=\"_blank\" rel=\"noopener\">September 9, 2025<\/a><\/p><\/blockquote>\n<p>Au tour du Real Madrid de draguer Bradley Barcola<\/p>\n<p>Le mois dernier, nous \u00e9voquions <a href=\"https:\/\/www.dailymercato.com\/news\/mercato-psg-une-vente-a-130-meur-fait-douter-nasser-al-khelaifi\" target=\"_blank\" rel=\"noopener\">un fort int\u00e9r\u00eat du champion d&rsquo;Angleterre en titre, Liverpool, pour Bradley Barcola<\/a>. Avec une offre potentielle proche des 130 millions d&rsquo;euros. Le PSG avait tenu bon. Selon <a href=\"https:\/\/www.fichajes.net\/noticias\/real-madrid-interesa-fichaje-bradley-barcola-20250909.html\" target=\"_blank\" rel=\"noopener\">Fichajes<\/a>, c&rsquo;est le Real Madrid qui pourrait bient\u00f4t prendre la rel\u00e8ve.\u00a0<\/p>\n<p>Ainsi, le g\u00e9ant espagnol, o\u00f9 \u00e9volue notamment le capitaine fran\u00e7ais Kylian Mbapp\u00e9, souhaite anticiper le d\u00e9part du Br\u00e9silien Rodrygo, et verrait en Barcola, un successeur id\u00e9al. Le club de la capitale va-t-il tenir face \u00e0 ces assauts r\u00e9p\u00e9t\u00e9s ? Plus que jamais, une prolongation de contrat est tr\u00e8s probablement la cl\u00e9 de ce feuilleton.\u00a0<\/p>\n<p>Nordiste pure souche, qui pr\u00e9f\u00e8re un bon match de National avec l&rsquo;USBCO \u00e0 la rivalit\u00e9 entre le RC Lens et le LOSC. Fan des grosses ambiances avant tout, de l&rsquo;ASSE \u00e0 l&rsquo;OM en passant par Strasbourg. Aux armes !<\/p>\n<p>            <script async src=\"https:\/\/platform.twitter.com\/widgets.js\" charset=\"utf-8\"><\/script><\/p>\n","protected":false},"excerpt":{"rendered":"Champion de France en titre, r\u00e9cent vainqueur de la Ligue des champions, le Paris Saint-Germain va-t-il vivre une&hellip;\n","protected":false},"author":2,"featured_media":379963,"comment_status":"","ping_status":"","sticky":false,"template":"","format":"standard","meta":{"footnotes":""},"categories":[1410],"tags":[63,1011,27,60],"class_list":{"0":"post-379962","1":"post","2":"type-post","3":"status-publish","4":"format-standard","5":"has-post-thumbnail","7":"category-football","8":"tag-football","9":"tag-fr","10":"tag-france","11":"tag-sports"},"share_on_mastodon":{"url":"https:\/\/pubeurope.com\/@fr\/115179380162372465","error":""},"_links":{"self":[{"href":"https:\/\/www.europesays.com\/fr\/wp-json\/wp\/v2\/posts\/379962","targetHints":{"allow":["GET"]}}],"collection":[{"href":"https:\/\/www.europesays.com\/fr\/wp-json\/wp\/v2\/posts"}],"about":[{"href":"https:\/\/www.europesays.com\/fr\/wp-json\/wp\/v2\/types\/post"}],"author":[{"embeddable":true,"href":"https:\/\/www.europesays.com\/fr\/wp-json\/wp\/v2\/users\/2"}],"replies":[{"embeddable":true,"href":"https:\/\/www.europesays.com\/fr\/wp-json\/wp\/v2\/comments?post=379962"}],"version-history":[{"count":0,"href":"https:\/\/www.europesays.com\/fr\/wp-json\/wp\/v2\/posts\/379962\/revisions"}],"wp:featuredmedia":[{"embeddable":true,"href":"https:\/\/www.europesays.com\/fr\/wp-json\/wp\/v2\/media\/379963"}],"wp:attachment":[{"href":"https:\/\/www.europesays.com\/fr\/wp-json\/wp\/v2\/media?parent=379962"}],"wp:term":[{"taxonomy":"category","embeddable":true,"href":"https:\/\/www.europesays.com\/fr\/wp-json\/wp\/v2\/categories?post=379962"},{"taxonomy":"post_tag","embeddable":true,"href":"https:\/\/www.europesays.com\/fr\/wp-json\/wp\/v2\/tags?post=379962"}],"curies":[{"name":"wp","href":"https:\/\/api.w.org\/{rel}","templated":true}]}}