{"id":379966,"date":"2025-09-10T09:51:18","date_gmt":"2025-09-10T09:51:18","guid":{"rendered":"https:\/\/www.europesays.com\/fr\/379966\/"},"modified":"2025-09-10T09:51:18","modified_gmt":"2025-09-10T09:51:18","slug":"le-street-artiste-in-the-woup-des-vieux-mario-aux-mosaiques-urbaines-actualites","status":"publish","type":"post","link":"https:\/\/www.europesays.com\/fr\/379966\/","title":{"rendered":"Le street artiste In the Woup, des vieux Mario aux mosa\u00efques urbaines : Actualit\u00e9s"},"content":{"rendered":"<p class=\"lead \">Perch\u00e9 au-dessus d&rsquo;une vitrine, \u00e0 Lyon, le street artiste In The Woup pose la mosa\u00efque d&rsquo;un personnage pix\u00e9lis\u00e9 aux allures de Mario, le c\u00e9l\u00e8bre plombier moustachu qui lui a inspir\u00e9 plus de 200 oeuvres gliss\u00e9es dans les rues du monde entier.<\/p>\n<p class=\"lead \">Le mosa\u00efste autodidacte, qui ne veut pas \u00eatre connu autrement que par son pseudonyme, a grandi avec le personnage \u00e0 casquette rouge, dont le jeu vid\u00e9o \u00ab\u00a0Super Mario Bros.\u00a0\u00bb f\u00eate ses 40 ans. <\/p>\n<p class=\"lead \"> Depuis 15 ans, il revisite l&rsquo;univers pix\u00e9lis\u00e9 de cette \u00ab\u00a0ic\u00f4ne\u00a0\u00bb reconnaissable \u00ab\u00a0partout\u00a0\u00bb, diss\u00e9minant ses cr\u00e9ations aux quatre coins des villes fran\u00e7aises mais aussi au Mexique, en Inde, au Kazakhstan&#8230; <\/p>\n<p class=\"lead \">\u00ab\u00a0Et si Mario avait d&rsquo;autres costumes, \u00e0 quoi pourrait-il ressembler ?\u00a0\u00bb, interroge In The Whoup, le visage dissimul\u00e9 derri\u00e8re un masque \u00e0 l&rsquo;effigie du plombier italien pour garder l&rsquo;anonymat.<\/p>\n<p class=\"lead \">Joconde, pirate Barbe-Rouge de la bande-dessin\u00e9e Ast\u00e9rix, rappeur Orelsan ou encore Karl Lagerfeld&#8230;: le p\u00e8re de famille a d\u00e9j\u00e0 invent\u00e9 la version pix\u00e9lis\u00e9e de 500 personnages \u00ab\u00a0issus des mangas, de la bande dessin\u00e9e, des jeux vid\u00e9o, du cin\u00e9ma, de l&rsquo;actualit\u00e9\u00a0\u00bb.<\/p>\n<p class=\"lead \">Et a gliss\u00e9 subtilement la moiti\u00e9 d&rsquo;entre eux dans le paysage urbain, rappelant aux passants la nostalgie des premiers jeux vid\u00e9o de Mario, \u00ab\u00a0Madeleine de Proust\u00a0\u00bb de cet artiste n\u00e9 cinq ans apr\u00e8s la premi\u00e8re apparition sur \u00e9cran, en 1981, du personnage alors d\u00e9nomm\u00e9 \u00ab\u00a0Jumpman\u00a0\u00bb.<\/p>\n<p class=\"lead \">\u00ab\u00a0Retrouver des \u00e9l\u00e9ments de ma console de jeu dans la rue, c&rsquo;\u00e9tait pouvoir amener dans le r\u00e9el des choses qui sont immat\u00e9rielles\u00a0\u00bb, explique celui qui se disputait enfant la manette avec son fr\u00e8re.<\/p>\n<p class=\"lead \">Au total, 224 de ses oeuvres ornent les recoins de 56 villes et 12 pays, d\u00e9taille-t-il fi\u00e8rement.<\/p>\n<p class=\"lead \">\u00ab\u00a0Partout o\u00f9 je voyage, j&#8217;emm\u00e8ne toujours de la mosa\u00efque\u00a0\u00bb, explique le trentenaire, qui occupe un emploi principal &#8211; qu&rsquo;il n&rsquo;a pas voulu pr\u00e9ciser &#8211; \u00e0 c\u00f4t\u00e9 de son art.<\/p>\n<p class=\"lead \">Et quand le Lyonnais n&#8217;embarque pas ses carreaux color\u00e9s dans sa valise, il vend ses oeuvres pour \u00ab\u00a0plusieurs milliers d&rsquo;euros\u00a0\u00bb. <\/p>\n<p class=\"lead \">Il collabore aussi avec des municipalit\u00e9s et a r\u00e9cemment expos\u00e9 son travail \u00e0 l&rsquo;Urban Art Fair, la premi\u00e8re foire internationale d\u00e9di\u00e9e \u00e0 l&rsquo;art urbain.<\/p>\n<p class=\"lead \">&#8211; \u00ab\u00a0Galeries \u00e0 ciel ouvert\u00a0\u00bb &#8211;<\/p>\n<p class=\"lead \">Sa recette, un savant m\u00e9lange de la technologie 16 bits, utilis\u00e9e \u00e0 partir de \u00ab\u00a0Super Mario World\u00a0\u00bb dans les ann\u00e9es 1990 &#8211; et donc tr\u00e8s pix\u00e9lis\u00e9e &#8211; et du monde de \u00ab\u00a0la bande dessin\u00e9e franco-belge, des comics am\u00e9ricains, des mangas et des jeux vid\u00e9o\u00a0\u00bb, \u00e9num\u00e8re l&rsquo;artiste.<\/p>\n<p class=\"lead \">\u00ab\u00a0Il faut que les deux univers \u00e0 mes yeux soient parfaitement m\u00e9lang\u00e9s\u00a0\u00bb, explique In The Woup au milieu de son atelier, une pi\u00e8ce exig\u00fce de son domicile o\u00f9 sont entass\u00e9es des \u00e9maux de Briare, la principale mosa\u00efque qu&rsquo;il utilise.<\/p>\n<p class=\"lead \">Apr\u00e8s avoir imagin\u00e9 son motif \u00e0 l&rsquo;aide de son stylet sur tablette, il transpose l&rsquo;image en alignant minutieusement les carreaux color\u00e9s, passant ainsi de \u00ab\u00a0pixel artiste\u00a0\u00bb \u00e0 \u00ab\u00a0mosa\u00efste\u00a0\u00bb.<\/p>\n<p class=\"lead \">A l&rsquo;honneur cette fois, Bob Sinclar, DJ qu&rsquo;il \u00ab\u00a0aime beaucoup\u00a0\u00bb, ou plut\u00f4t son personnage, barbe, \u00e9couteurs aux oreilles et mains aux platines. <\/p>\n<p class=\"lead \">Apr\u00e8s quelques coups de colle balay\u00e9s au dos de l&rsquo;oeuvre \u00e0 m\u00eame le sol d&rsquo;une rue de Lyon et une pose minutieuse \u00e0 bout d&rsquo;\u00e9chelle, la figure orne la devanture noire d&rsquo;une boutique du label de musique UML records.<\/p>\n<p class=\"lead \">Le d\u00e9cor est, comme toujours, soigneusement choisi. Sans demander pour autant l&rsquo;accord pr\u00e9alable aux propri\u00e9taires, car In the Woup n&rsquo;est \u00ab\u00a0pas du genre \u00e0 pr\u00e9parer trop de choses en avance\u00a0\u00bb. <\/p>\n<p class=\"lead \">\u00ab\u00a0En g\u00e9n\u00e9ral, ils disent oui\u00a0\u00bb, car \u00ab\u00a0les gens aiment bien le street art et la mosa\u00efque\u00a0\u00bb, qui transforment les rues en \u00ab\u00a0galeries \u00e0 ciel ouvert\u00a0\u00bb, juge-t-il. Et charment toutes les g\u00e9n\u00e9rations.<\/p>\n<p class=\"lead \">Jacqueline Fendler, 85 ans, est descendue de son appartement pour admirer la nouvelle mosa\u00efque, apr\u00e8s l&rsquo;avoir aper\u00e7ue depuis sa fen\u00eatre. Elle la trouve \u00ab\u00a0formidable\u00a0\u00bb, et s&#8217;empresse de se prendre en photo avec l&rsquo;artiste, qui remet son masque Mario pour cacher son visage.<\/p>\n<p class=\"lead \">\u00ab\u00a0Plein de gens diff\u00e9rents m&rsquo;\u00e9crivent\u00a0\u00bb, constate-t-il. \u00ab\u00a0Mario, tout le monde y a jou\u00e9, que t&rsquo;aies pas une thune ou que tu sois blind\u00e9, c&rsquo;est \u00e7a qui est kiffant.\u00a0\u00bb<\/p>\n<p class=\"small font-weight-bold text-gray3 \"> publi\u00e9 le 9 septembre \u00e0 23h46, AFP<\/p>\n<p>                             Partager<\/p>\n","protected":false},"excerpt":{"rendered":"Perch\u00e9 au-dessus d&rsquo;une vitrine, \u00e0 Lyon, le street artiste In The Woup pose la mosa\u00efque d&rsquo;un personnage pix\u00e9lis\u00e9&hellip;\n","protected":false},"author":2,"featured_media":379967,"comment_status":"","ping_status":"","sticky":false,"template":"","format":"standard","meta":{"footnotes":""},"categories":[1358],"tags":[1348,1384,1385,1386,58,59,1011,27,2070,330,2596,9199,7189,1352],"class_list":{"0":"post-379966","1":"post","2":"type-post","3":"status-publish","4":"format-standard","5":"has-post-thumbnail","7":"category-arts-et-design","8":"tag-arts","9":"tag-arts-and-design","10":"tag-arts-et-design","11":"tag-design","12":"tag-divertissement","13":"tag-entertainment","14":"tag-fr","15":"tag-france","16":"tag-japon","17":"tag-jeux","18":"tag-nintendo","19":"tag-produit","20":"tag-street-art","21":"tag-urbanisme"},"share_on_mastodon":{"url":"https:\/\/pubeurope.com\/@fr\/115179387860816529","error":""},"_links":{"self":[{"href":"https:\/\/www.europesays.com\/fr\/wp-json\/wp\/v2\/posts\/379966","targetHints":{"allow":["GET"]}}],"collection":[{"href":"https:\/\/www.europesays.com\/fr\/wp-json\/wp\/v2\/posts"}],"about":[{"href":"https:\/\/www.europesays.com\/fr\/wp-json\/wp\/v2\/types\/post"}],"author":[{"embeddable":true,"href":"https:\/\/www.europesays.com\/fr\/wp-json\/wp\/v2\/users\/2"}],"replies":[{"embeddable":true,"href":"https:\/\/www.europesays.com\/fr\/wp-json\/wp\/v2\/comments?post=379966"}],"version-history":[{"count":0,"href":"https:\/\/www.europesays.com\/fr\/wp-json\/wp\/v2\/posts\/379966\/revisions"}],"wp:featuredmedia":[{"embeddable":true,"href":"https:\/\/www.europesays.com\/fr\/wp-json\/wp\/v2\/media\/379967"}],"wp:attachment":[{"href":"https:\/\/www.europesays.com\/fr\/wp-json\/wp\/v2\/media?parent=379966"}],"wp:term":[{"taxonomy":"category","embeddable":true,"href":"https:\/\/www.europesays.com\/fr\/wp-json\/wp\/v2\/categories?post=379966"},{"taxonomy":"post_tag","embeddable":true,"href":"https:\/\/www.europesays.com\/fr\/wp-json\/wp\/v2\/tags?post=379966"}],"curies":[{"name":"wp","href":"https:\/\/api.w.org\/{rel}","templated":true}]}}