{"id":379978,"date":"2025-09-10T09:57:10","date_gmt":"2025-09-10T09:57:10","guid":{"rendered":"https:\/\/www.europesays.com\/fr\/379978\/"},"modified":"2025-09-10T09:57:10","modified_gmt":"2025-09-10T09:57:10","slug":"kylian-mbappe-etait-amoureux-de-cr7","status":"publish","type":"post","link":"https:\/\/www.europesays.com\/fr\/379978\/","title":{"rendered":"Kylian Mbapp\u00e9 \u00e9tait \u00ab\u00a0amoureux\u00a0\u00bb de CR7"},"content":{"rendered":"<p>Ce mercredi, le <a href=\"https:\/\/www.lequipe.fr\/Football\/Article\/Fayza-lamari-mere-de-kylian-mbappe-c-est-l-homme-qu-il-est-devenu-qui-me-rend-fiere\/1591800\" target=\"_blank\" rel=\"noopener\">Magazine L\u2019Equipe<\/a> a d\u00e9di\u00e9 son nouveau num\u00e9ro \u00e0 <a href=\"https:\/\/www.footmercato.net\/joueur\/kylian-mbappe\/\" target=\"_blank\" rel=\"noopener\">Kylian Mbapp\u00e9<\/a>. Le Fran\u00e7ais a donn\u00e9 une longue interview. Sa famille a aussi pris la parole. En effet, son p\u00e8re, Wilfrid, son fr\u00e8re, Ethan, et sa m\u00e8re, Fayza Lamari, ont tous \u00e9t\u00e9 interrog\u00e9s sur le capitaine des Bleus. La maman du joueur a d\u2019ailleurs fait d\u2019\u00e9tonnantes r\u00e9v\u00e9lations sur la star tricolore et ses idoles. <\/p>\n<p>            La suite apr\u00e8s cette publicit\u00e9<\/p>\n<p>\u00abIl a commenc\u00e9 par Zidane. D\u00e8s l\u2019\u00e2ge de 4 ans. Ensuite, il y a eu CR7 quand il est arriv\u00e9 \u00e0 Manchester, puis au Real. Puis il y a eu Robinho, Ronaldinho\u2026 Concernant Cristiano\u2026 Kylian \u00e9tait Portugais dans sa t\u00eate. Pour lui, il \u00e9tait Portugais. Il allait chez le p\u00e8re d\u2019une copine pour regarder les matches du Portugal et supporter Ronaldo. (Elle rit.) Il \u00e9tait amoureux. Il disait : \u00ab\u00a0Je suis Portugais.\u00a0\u00bb\u00bb Quand les journalistes lui ont demand\u00e9 son \u00e2ge \u00e0 cette \u00e9poque, elle a r\u00e9pondu : \u00abtr\u00e8s tard. Je ne vais pas dire d\u2019\u00e2ge, car il va m\u2019insulter. Mais \u00e7a a dur\u00e9 tr\u00e8s longtemps.\u00bb Une dr\u00f4le d\u2019anecdote.<\/p>\n<p>\n    Pub. le 10\/09\/2025 11:21<br \/>\n            &#8211; MAJ le 10\/09\/2025 11:45\n    <\/p>\n","protected":false},"excerpt":{"rendered":"Ce mercredi, le Magazine L\u2019Equipe a d\u00e9di\u00e9 son nouveau num\u00e9ro \u00e0 Kylian Mbapp\u00e9. Le Fran\u00e7ais a donn\u00e9 une&hellip;\n","protected":false},"author":2,"featured_media":379979,"comment_status":"","ping_status":"","sticky":false,"template":"","format":"standard","meta":{"footnotes":""},"categories":[9],"tags":[1011,27,60],"class_list":{"0":"post-379978","1":"post","2":"type-post","3":"status-publish","4":"format-standard","5":"has-post-thumbnail","7":"category-sports","8":"tag-fr","9":"tag-france","10":"tag-sports"},"share_on_mastodon":{"url":"https:\/\/pubeurope.com\/@fr\/115179411473733607","error":""},"_links":{"self":[{"href":"https:\/\/www.europesays.com\/fr\/wp-json\/wp\/v2\/posts\/379978","targetHints":{"allow":["GET"]}}],"collection":[{"href":"https:\/\/www.europesays.com\/fr\/wp-json\/wp\/v2\/posts"}],"about":[{"href":"https:\/\/www.europesays.com\/fr\/wp-json\/wp\/v2\/types\/post"}],"author":[{"embeddable":true,"href":"https:\/\/www.europesays.com\/fr\/wp-json\/wp\/v2\/users\/2"}],"replies":[{"embeddable":true,"href":"https:\/\/www.europesays.com\/fr\/wp-json\/wp\/v2\/comments?post=379978"}],"version-history":[{"count":0,"href":"https:\/\/www.europesays.com\/fr\/wp-json\/wp\/v2\/posts\/379978\/revisions"}],"wp:featuredmedia":[{"embeddable":true,"href":"https:\/\/www.europesays.com\/fr\/wp-json\/wp\/v2\/media\/379979"}],"wp:attachment":[{"href":"https:\/\/www.europesays.com\/fr\/wp-json\/wp\/v2\/media?parent=379978"}],"wp:term":[{"taxonomy":"category","embeddable":true,"href":"https:\/\/www.europesays.com\/fr\/wp-json\/wp\/v2\/categories?post=379978"},{"taxonomy":"post_tag","embeddable":true,"href":"https:\/\/www.europesays.com\/fr\/wp-json\/wp\/v2\/tags?post=379978"}],"curies":[{"name":"wp","href":"https:\/\/api.w.org\/{rel}","templated":true}]}}