{"id":379984,"date":"2025-09-10T10:00:12","date_gmt":"2025-09-10T10:00:12","guid":{"rendered":"https:\/\/www.europesays.com\/fr\/379984\/"},"modified":"2025-09-10T10:00:12","modified_gmt":"2025-09-10T10:00:12","slug":"le-double-piege-de-leuro-sest-referme-sur-les-francais","status":"publish","type":"post","link":"https:\/\/www.europesays.com\/fr\/379984\/","title":{"rendered":"\u00abLe double pi\u00e8ge de l\u2019euro s\u2019est referm\u00e9 sur les Fran\u00e7ais\u00bb"},"content":{"rendered":"<p><strong>ANALYSE &#8211;<\/strong> La monnaie unique a permis de s\u2019endetter \u00e0 l\u2019exc\u00e8s et il est aujourd\u2019hui impossible de la d\u00e9valuer pour restaurer une comp\u00e9titivit\u00e9 d\u00e9faillante.<\/p>\n<p class=\"fig-paragraph\">L\u2019affaire est entendue\u00a0: ce gu\u00eapier financier dont nous sommes la proie, \u00ab\u00a0c\u2019est la faute aux boomeurs\u00a0\u00bb\u00a0! Les g\u00e9n\u00e9rations nombreuses du baby-boom, n\u00e9es entre 1946 et 1965, ont voulu que l\u2019Europe se dote d\u2019une\u00a0<a href=\"http:\/\/www.lefigaro.fr\/conjoncture\/vingt-ans-de-l-euro-la-monnaie-unique-a-t-elle-contribue-a-l-envolee-des-prix-20211228\" data-fig-type=\"Article\" data-gtm-custom-categorie=\"navigation\" data-gtm-custom-action=\"crossclick\" data-gtm-custom-label=\"Contextuel\" data-gtm-event=\"customEventSPE\" data-fig-domain=\"LEFIGARO\" target=\"_blank\" rel=\"noopener\">monnaie unique<\/a>. Pour y voyager sans entraves, prendre leur retraite dans les paradis fiscaux (Portugal), acheter logement et r\u00e9sidence secondaire en s\u2019endettant \u00e0 bon compte. Tout \u00e7a gr\u00e2ce \u00e0 l\u2019euro dont les \u00ab\u00a0papy-boomeurs\u00a0\u00bb, comme on les d\u00e9signe, sont les grands profiteurs\u2026<\/p>\n<p class=\"fig-paragraph\">Ce r\u00e9sum\u00e9 d\u00e9lib\u00e9r\u00e9ment caricatural d\u2019un quart de si\u00e8cle d\u2019Union mon\u00e9taire europ\u00e9enne met en exergue une r\u00e9alit\u00e9 incontestable. En abandonnant le franc, qui avait \u00e9t\u00e9 d\u00e9valu\u00e9 \u00e0 treize reprises de 1944 \u00e0 1987, les Fran\u00e7ais ont fait main basse sur le\u00a0<a href=\"https:\/\/www.lefigaro.fr\/economie\/le-scan-eco\/reunification-allemande-la-desillusion-du-deutsche-mark-pour-tous-20191109\" data-fig-type=\"Article\" data-gtm-custom-categorie=\"navigation\" data-gtm-custom-action=\"crossclick\" data-gtm-custom-label=\"Contextuel\" data-gtm-event=\"customEventSPE\" data-fig-domain=\"LEFIGARO\" target=\"_blank\" rel=\"noopener\">Deutsche Mark<\/a>, la matrice de l\u2019euro, et ils ont abus\u00e9 de cette monnaie forte qui leur offrait des perspectives mirifiques.<\/p>\n<p class=\"fig-paragraph\">La rupture a \u00e9t\u00e9 radicale, souligne dans une tribune Agn\u00e8s B\u00e9nassy-Qu\u00e9r\u00e9, sous-gouverneur de la Banque de France\u00a0: \u00ab\u00a0Entre\u2026<\/p>\n<p class=\"fig-premium-paywall__infos\">\n        Cet article est r\u00e9serv\u00e9 aux abonn\u00e9s.        Il vous reste 84% \u00e0 d\u00e9couvrir.\n    <\/p>\n<p>                <img  data- alt=\"Le Figaro\" class=\"fig-img--complete fig-img\"\/><\/p>\n<p class=\"fig-premium-paywall__title\">Vous avez envie de lire la suite ?<\/p>\n<p class=\"fig-premium-paywall__subtitle\">D\u00e9bloquez tous les articles imm\u00e9diatement.<\/p>\n<p class=\"fig-premium-paywall__connect\">\n                D\u00e9j\u00e0 abonn\u00e9\u00a0?                <a class=\"fig-premium-paywall__connect-link\" href=\"https:\/\/connect.lefigaro.fr\/login?client=horizon_web&amp;type=main&amp;redirect_uri=https%3A%2F%2Fwww.lefigaro.fr%2Fvox%2Feconomie%2Fjean-pierre-robin-le-double-piege-de-l-euro-s-est-referme-sur-les-francais-20250910\" data-js-gtm=\"{&quot;customCategorie&quot;: &quot;conversion&quot;, &quot;customAction&quot;: &quot;before_Landing_Connexion_paywall_auto&quot;, &quot;customLabel&quot;: &quot;bGVmaWdhcm8uZnJfXzFmMDhkNjBjLTUyMTItNjkyNC04NDNhLTRkNWE4M2EzNDNjNV9fQXJ0aWNsZQ==_Jean-Pierre Robin\u00a0: \u00abLe double pi\u00e8ge de l\u2019euro s\u2019est referm\u00e9 sur les Fran\u00e7ais\u00bb_125&quot;, &quot;customIDSPE&quot;: &quot;bGVmaWdhcm8uZnJfXzFmMDhkNjBjLTUyMTItNjkyNC04NDNhLTRkNWE4M2EzNDNjNV9fQXJ0aWNsZQ==&quot;, &quot;event&quot;: &quot;customEventSPE&quot;}\" target=\"_blank\" rel=\"noopener\"><br \/>\n                    Connectez-vous<br \/>\n                <\/a>\n            <\/p>\n","protected":false},"excerpt":{"rendered":"ANALYSE &#8211; La monnaie unique a permis de s\u2019endetter \u00e0 l\u2019exc\u00e8s et il est aujourd\u2019hui impossible de la&hellip;\n","protected":false},"author":2,"featured_media":379985,"comment_status":"","ping_status":"","sticky":false,"template":"","format":"standard","meta":{"footnotes":""},"categories":[6],"tags":[35,33,34,1073,450,1011,27],"class_list":{"0":"post-379984","1":"post","2":"type-post","3":"status-publish","4":"format-standard","5":"has-post-thumbnail","7":"category-economie","8":"tag-business","9":"tag-economie","10":"tag-economy","11":"tag-emmanuel-macron","12":"tag-euro","13":"tag-fr","14":"tag-france"},"share_on_mastodon":{"url":"https:\/\/pubeurope.com\/@fr\/115179423279671369","error":""},"_links":{"self":[{"href":"https:\/\/www.europesays.com\/fr\/wp-json\/wp\/v2\/posts\/379984","targetHints":{"allow":["GET"]}}],"collection":[{"href":"https:\/\/www.europesays.com\/fr\/wp-json\/wp\/v2\/posts"}],"about":[{"href":"https:\/\/www.europesays.com\/fr\/wp-json\/wp\/v2\/types\/post"}],"author":[{"embeddable":true,"href":"https:\/\/www.europesays.com\/fr\/wp-json\/wp\/v2\/users\/2"}],"replies":[{"embeddable":true,"href":"https:\/\/www.europesays.com\/fr\/wp-json\/wp\/v2\/comments?post=379984"}],"version-history":[{"count":0,"href":"https:\/\/www.europesays.com\/fr\/wp-json\/wp\/v2\/posts\/379984\/revisions"}],"wp:featuredmedia":[{"embeddable":true,"href":"https:\/\/www.europesays.com\/fr\/wp-json\/wp\/v2\/media\/379985"}],"wp:attachment":[{"href":"https:\/\/www.europesays.com\/fr\/wp-json\/wp\/v2\/media?parent=379984"}],"wp:term":[{"taxonomy":"category","embeddable":true,"href":"https:\/\/www.europesays.com\/fr\/wp-json\/wp\/v2\/categories?post=379984"},{"taxonomy":"post_tag","embeddable":true,"href":"https:\/\/www.europesays.com\/fr\/wp-json\/wp\/v2\/tags?post=379984"}],"curies":[{"name":"wp","href":"https:\/\/api.w.org\/{rel}","templated":true}]}}